{"id":10168,"date":"2026-02-05T20:34:04","date_gmt":"2026-02-05T19:34:04","guid":{"rendered":"https:\/\/www.laresidenceabano.it\/?p=10168"},"modified":"2026-02-05T20:34:04","modified_gmt":"2026-02-05T19:34:04","slug":"jak-si-ubra-na-wycieczk-do-rzymu-moja-strona-2","status":"publish","type":"post","link":"https:\/\/www.laresidenceabano.it\/it\/jak-si-ubra-na-wycieczk-do-rzymu-moja-strona-2\/","title":{"rendered":"Jak Si\u0119 Ubra\u0107 Na Wycieczk\u0119 Do Rzymu Moja Strona"},"content":{"rendered":"<div id=\"toc\" style=\"background: #f9f9f9;border: 1px solid #aaa;display: table;margin-bottom: 1em;padding: 1em;width: 350px;\">\n<p class=\"toctitle\" style=\"font-weight: 700;text-align: center;\">Content<\/p>\n<ul class=\"toc_list\">\n<li><a href=\"#toc-1\">Gdzie wysi\u0105\u015b\u0107, \u017ceby by\u0107 jak najbli\u017cej Watykanu?<\/a><\/li>\n<li><a href=\"#toc-2\">Styl i elegancja<\/a><\/li>\n<li><a href=\"#toc-3\">W miar\u0119 mo\u017cliwo\u015bci unikaj jazdy po Rzymie<\/a><\/li>\n<li><a href=\"#toc-5\">Odkryj Niezwyk\u0142e Zabytki Staro\u017cytnego Rzymu: Przewodnik Po Wiecznym Mie\u015bcie<\/a><\/li>\n<\/ul>\n<\/div>\n<p>Alternatywnie z Fiumicino mo\u017cna wybra\u0107 regionalny poci\u0105g FL1, kt\u00f3ry nie doje\u017cd\u017ca do Termini, ale zatrzymuje si\u0119 m.in. Watykan znajduje si\u0119 w zachodniej cz\u0119\u015bci Rzymu i jest dobrze skomunikowany z centrum miasta. Przy przesiadkach na oddzielnych biletach warto zarezerwowa\u0107 odpowiedni zapas czasu mi\u0119dzy lotami (minimum 3\u20134 godziny), aby unikn\u0105\u0107 ryzyka sp\u00f3\u017anienia si\u0119 na dalszy rejs. Z kolei latem warto rozwa\u017cy\u0107 podr\u00f3\u017c jedynie wtedy, gdy nie przeszkadzaj\u0105 upa\u0142y i t\u0142umy.<\/p>\n<p>Zwiedzanie Rzymu to nic innego jak podr\u00f3\u017c w czasie, gdzie ka\u017cda ulica i budynek opowiadaj\u0105 histori\u0119. Przeczytaj nasze praktyczne porady i dowiedz si\u0119, jak modnie i wygodnie zwiedza\u0107 Wieczne Miasto! W tym po\u015bcie przedstawimy Ci przemy\u015blany plan zwiedzania Rzymu.<\/p>\n<h2 id=\"toc-0\">Jak kupowa\u0107 wycieczk\u0119 w biurze podr\u00f3\u017cy?<\/h2>\n<p>39538 podr\u00f3\u017cnych przeczyta\u0142o Przeczytaj tak\u017ce o odpowiednim stroju do Koloseum. Unikaj kr\u00f3tkich sp\u00f3dnic czy szort\u00f3w, zakryj ramiona i kolana. W Rzymie w maju pogoda jest zazwyczaj ciep\u0142a i s\u0142oneczna, a \u015brednie temperatury wahaj\u0105 si\u0119 mi\u0119dzy 18 \u00b0C a 25 \u00b0C. Wiele hoteli oferuje darmowe mapy miasta.<\/p>\n<h3 id=\"toc-1\">Gdzie wysi\u0105\u015b\u0107, \u017ceby by\u0107 jak najbli\u017cej Watykanu?<\/h3>\n<p>Ubi\u00f3r na wycieczk\u0119 autokarow\u0105 powinien zapewnia\u0107 swobod\u0119 ruch\u00f3w i funkcjonalno\u015b\u0107, wi\u0119c doskona\u0142ym rozwi\u0105zaniem b\u0119d\u0105 r\u00f3wnie\u017c spodnie cargo. Sprawd\u017a, jak ubra\u0107 si\u0119 do samolotu, aby zapewni\u0107 sobie komfort i stylowy wygl\u0105d. Je\u015bli jednak jeste\u015b fank\u0105 nieco bardziej eleganckiego stylu i zastanawiasz si\u0119, jakie ubranie na wycieczk\u0119 objazdow\u0105 sprawdzi si\u0119 dla Ciebie najlepiej, postaw na klasyczne cygaretki i kardigan oraz wygodne balerinki. Wybieraj\u0105c si\u0119 na wycieczk\u0119 objazdow\u0105, pami\u0119taj o funkcjonalno\u015bci swojej stylizacji.<\/p>\n<h3 id=\"toc-2\">Styl i elegancja<\/h3>\n<p>Kobiety mog\u0105 za\u0142o\u017cy\u0107 sukienk\u0119 lub spodnie z lekk\u0105 bluzk\u0105, a m\u0119\u017cczy\u017ani mog\u0105 wybra\u0107 koszul\u0119 i spodnie. Wybierz torb\u0119, kt\u00f3ra jest wygodna do noszenia i ma odpowiedni\u0105 pojemno\u015b\u0107. Kobiety powinny nosi\u0107 sp\u00f3dnic\u0119 lub sukienk\u0119, kt\u00f3ra si\u0119ga co najmniej do kolan, oraz zakryte ramiona.<\/p>\n<ul>\n<li>W marcu Rzym jest pe\u0142en uroku, a odpowiedni dob\u00f3r ubioru sprawia, \u017ce podr\u00f3\u017c staje si\u0119 jeszcze bardziej komfortowa i stylowa.<\/li>\n<li>Odpowiedni baga\u017c to nie tylko kwestia estetyki, ale przede wszystkim praktyczno\u015bci, bezpiecze\u0144stwa i wygody.<\/li>\n<li>Unikaj kr\u00f3tkich sp\u00f3dnic czy szort\u00f3w, zakryj ramiona i kolana.<\/li>\n<li>Najcieplejszymi miesi\u0105cami w Rzymie jest lipiec i sierpie\u0144 (\u015brednio 28 \u00b0C w dzie\u0144).<\/li>\n<li>Ta po\u015bwi\u0119cona rzymskim b\u00f3stwom \u015bwi\u0105tynia zosta\u0142a wzniesiona w latach 118 \u2013 125 n.e, do dzi\u015b zachowana w dobrym stanie, najlepszym ze wszystkich zabytk\u00f3w antycznej architektury w Wiecznym Mie\u015bcie.<\/li>\n<\/ul>\n<p>Wiele zale\u017cy od celu podr\u00f3\u017cy, przewidywanej pogody i zaplanowanych aktywno\u015bci. Jak si\u0119 ubra\u0107 na wycieczk\u0119? Upewnij si\u0119, \u017ce masz ze sob\u0105 lekkie i przewiewne ubrania, takie jak sukienki, sp\u00f3dnice, koszule i kr\u00f3tkie spodenki. Warto r\u00f3wnie\u017c zabra\u0107 ze sob\u0105 lekkie ubrania, kt\u00f3re mo\u017cesz za\u0142o\u017cy\u0107 na pla\u017cy, takie jak pareo czy sukienki pla\u017cowe. Ubrania na pla\u017c\u0119Je\u015bli planujesz sp\u0119dzi\u0107 czas na w\u0142oskich pla\u017cach, pami\u0119taj o odpowiednich strojach k\u0105pielowych i r\u0119cznikach pla\u017cowych. Wybieraj buty, kt\u00f3re zapewni\u0105 Ci komfort przez ca\u0142y dzie\u0144.<\/p>\n<p>Jednak pami\u0119taj, \u017ce wi\u0119kszo\u015b\u0107 z nich wymaga odpowiedniego stroju. Dlatego wa\u017cne jest, aby zaopatrzy\u0107 si\u0119 w wygodne buty, kt\u00f3re zapewni\u0105 Ci komfort i wsparcie przez ca\u0142y dzie\u0144. W tym artykule dowiesz si\u0119, jakie ubrania i akcesoria warto wzi\u0105\u0107 pod uwag\u0119 podczas zwiedzania Rzymu. Zim\u0105 temperatury s\u0105 \u0142agodniejsze, ale warto zabra\u0107 ze sob\u0105 cieplejsze ubrania i par\u0119 parasolek na wypadek deszczu.<\/p>\n<p>Rzym to miasto, kt\u00f3re warto zwiedza\u0107 pieszo, dlatego wygodne buty s\u0105 niezb\u0119dne. Jednym z wa\u017cnych aspekt\u00f3w jest odpowiedni str\u00f3j, kt\u00f3ry pozwoli Ci cieszy\u0107 si\u0119 podr\u00f3\u017c\u0105 i zwiedzaniem bez \u017cadnych niedogodno\u015bci. W tym artykule dowiesz si\u0119, jak ubra\u0107 si\u0119 na zwiedzanie Rzymu, aby cieszy\u0107 si\u0119 podr\u00f3\u017c\u0105 i jednocze\u015bnie wygl\u0105da\u0107 stylowo. Dla odwiedzaj\u0105cych ko\u015bcio\u0142y, pami\u0119taj o odpowiednim stroju, a na wieczorne spacery wybierz eleganckie, ale wygodne ubrania. Wybierz wygodne buty, lekkie <a href=\"https:\/\/zycienaobcasach.pl\/\" class=\"broken_link\">rodzaje szpilek<\/a> i przewiewne ubrania, a tak\u017ce pami\u0119taj o nakryciu g\u0142owy i okularach przeciws\u0142onecznych.<\/p>\n<p>Eleganckie stroje mog\u0105 by\u0107 odpowiednie na specjalne okazje czy wieczorne wyj\u015bcia. Od niespodziewanych wypadk\u00f3w, przez kosztowne leczenie za granic\u0105, a\u017c po utracone baga\u017ce \u2013 odpowiednie ubezpieczenie oszcz\u0119dzi Ci wielu stres\u00f3w i nieprzewidzianych wydatk\u00f3w. Dba\u0142o\u015b\u0107 o w\u0142a\u015bciwy str\u00f3j i akcesoria pozwoli cieszy\u0107 si\u0119 zimowym urokiem Mediolanu w pe\u0142ni komfortu. Ocieplany p\u0142aszcz, ciep\u0142e buty oraz dodatki, jak szalik, r\u0119kawiczki i czapka, pomog\u0105 przetrwa\u0107 ch\u0142odniejsze dni. Pami\u0119taj tak\u017ce o d\u0142ugich spodniach, a podr\u0119czna apteczka zapewni dodatkowe bezpiecze\u0144stwo podczas eksploracji miasta. Wygodne buty, szalik oraz parasol na deszczowe dni s\u0105 przydatne.<\/p>\n","protected":false},"excerpt":{"rendered":"<p>Content Gdzie wysi\u0105\u015b\u0107, \u017ceby by\u0107 jak najbli\u017cej Watykanu? Styl i elegancja W miar\u0119 mo\u017cliwo\u015bci unikaj jazdy po Rzymie Odkryj Niezwyk\u0142e Zabytki Staro\u017cytnego Rzymu: Przewodnik Po Wiecznym Mie\u015bcie Alternatywnie z Fiumicino mo\u017cna wybra\u0107 regionalny poci\u0105g FL1, kt\u00f3ry nie doje\u017cd\u017ca do Termini, ale zatrzymuje si\u0119 m.in. Watykan znajduje si\u0119 w zachodniej cz\u0119\u015bci Rzymu i jest dobrze skomunikowany&hellip; <a class=\"more-link\" href=\"https:\/\/www.laresidenceabano.it\/it\/jak-si-ubra-na-wycieczk-do-rzymu-moja-strona-2\/\">Continua a leggere <span class=\"screen-reader-text\">Jak Si\u0119 Ubra\u0107 Na Wycieczk\u0119 Do Rzymu Moja Strona<\/span><\/a><\/p>\n","protected":false},"author":16,"featured_media":0,"comment_status":"","ping_status":"open","sticky":false,"template":"","format":"standard","meta":{"_acf_changed":false,"advgb_blocks_editor_width":"","advgb_blocks_columns_visual_guide":"","footnotes":""},"categories":[321],"tags":[],"class_list":["post-10168","post","type-post","status-publish","format-standard","hentry","category-zycienaobcasach-pl","entry"],"acf":[],"yoast_head":"<!-- This site is optimized with the Yoast SEO plugin v25.6 - https:\/\/yoast.com\/wordpress\/plugins\/seo\/ -->\n<title>Jak Si\u0119 Ubra\u0107 Na Wycieczk\u0119 Do Rzymu Moja Strona - Hotel La Residence<\/title>\n<meta name=\"robots\" content=\"noindex, follow\" \/>\n<meta property=\"og:locale\" content=\"it_IT\" \/>\n<meta property=\"og:type\" content=\"article\" \/>\n<meta property=\"og:title\" content=\"Jak Si\u0119 Ubra\u0107 Na Wycieczk\u0119 Do Rzymu Moja Strona - Hotel La Residence\" \/>\n<meta property=\"og:description\" content=\"Content Gdzie wysi\u0105\u015b\u0107, \u017ceby by\u0107 jak najbli\u017cej Watykanu? Styl i elegancja W miar\u0119 mo\u017cliwo\u015bci unikaj jazdy po Rzymie Odkryj Niezwyk\u0142e Zabytki Staro\u017cytnego Rzymu: Przewodnik Po Wiecznym Mie\u015bcie Alternatywnie z Fiumicino mo\u017cna wybra\u0107 regionalny poci\u0105g FL1, kt\u00f3ry nie doje\u017cd\u017ca do Termini, ale zatrzymuje si\u0119 m.in. Watykan znajduje si\u0119 w zachodniej cz\u0119\u015bci Rzymu i jest dobrze skomunikowany&hellip; Continua a leggere Jak Si\u0119 Ubra\u0107 Na Wycieczk\u0119 Do Rzymu Moja Strona\" \/>\n<meta property=\"og:url\" content=\"https:\/\/www.laresidenceabano.it\/it\/jak-si-ubra-na-wycieczk-do-rzymu-moja-strona-2\/\" \/>\n<meta property=\"og:site_name\" content=\"Hotel La Residence\" \/>\n<meta property=\"article:published_time\" content=\"2026-02-05T19:34:04+00:00\" \/>\n<meta name=\"author\" content=\"mboureux.afpadova\" \/>\n<meta name=\"twitter:card\" content=\"summary_large_image\" \/>\n<meta name=\"twitter:label1\" content=\"Scritto da\" \/>\n\t<meta name=\"twitter:data1\" content=\"mboureux.afpadova\" \/>\n\t<meta name=\"twitter:label2\" content=\"Tempo di lettura stimato\" \/>\n\t<meta name=\"twitter:data2\" content=\"4 minuti\" \/>\n<script type=\"application\/ld+json\" class=\"yoast-schema-graph\">{\"@context\":\"https:\/\/schema.org\",\"@graph\":[{\"@type\":\"Article\",\"@id\":\"https:\/\/www.laresidenceabano.it\/it\/jak-si-ubra-na-wycieczk-do-rzymu-moja-strona-2\/#article\",\"isPartOf\":{\"@id\":\"https:\/\/www.laresidenceabano.it\/it\/jak-si-ubra-na-wycieczk-do-rzymu-moja-strona-2\/\"},\"author\":{\"name\":\"mboureux.afpadova\",\"@id\":\"https:\/\/www.laresidenceabano.it\/it\/#\/schema\/person\/ec9e4562fc784cb1f4872ed796724e23\"},\"headline\":\"Jak Si\u0119 Ubra\u0107 Na Wycieczk\u0119 Do Rzymu Moja Strona\",\"datePublished\":\"2026-02-05T19:34:04+00:00\",\"mainEntityOfPage\":{\"@id\":\"https:\/\/www.laresidenceabano.it\/it\/jak-si-ubra-na-wycieczk-do-rzymu-moja-strona-2\/\"},\"wordCount\":832,\"publisher\":{\"@id\":\"https:\/\/www.laresidenceabano.it\/it\/#organization\"},\"articleSection\":[\"zycienaobcasach.pl\"],\"inLanguage\":\"it-IT\"},{\"@type\":\"WebPage\",\"@id\":\"https:\/\/www.laresidenceabano.it\/it\/jak-si-ubra-na-wycieczk-do-rzymu-moja-strona-2\/\",\"url\":\"https:\/\/www.laresidenceabano.it\/it\/jak-si-ubra-na-wycieczk-do-rzymu-moja-strona-2\/\",\"name\":\"Jak Si\u0119 Ubra\u0107 Na Wycieczk\u0119 Do Rzymu Moja Strona - Hotel La Residence\",\"isPartOf\":{\"@id\":\"https:\/\/www.laresidenceabano.it\/it\/#website\"},\"datePublished\":\"2026-02-05T19:34:04+00:00\",\"breadcrumb\":{\"@id\":\"https:\/\/www.laresidenceabano.it\/it\/jak-si-ubra-na-wycieczk-do-rzymu-moja-strona-2\/#breadcrumb\"},\"inLanguage\":\"it-IT\",\"potentialAction\":[{\"@type\":\"ReadAction\",\"target\":[\"https:\/\/www.laresidenceabano.it\/it\/jak-si-ubra-na-wycieczk-do-rzymu-moja-strona-2\/\"]}]},{\"@type\":\"BreadcrumbList\",\"@id\":\"https:\/\/www.laresidenceabano.it\/it\/jak-si-ubra-na-wycieczk-do-rzymu-moja-strona-2\/#breadcrumb\",\"itemListElement\":[{\"@type\":\"ListItem\",\"position\":1,\"name\":\"Home\",\"item\":\"https:\/\/www.laresidenceabano.it\/it\/\"},{\"@type\":\"ListItem\",\"position\":2,\"name\":\"Jak Si\u0119 Ubra\u0107 Na Wycieczk\u0119 Do Rzymu Moja Strona\"}]},{\"@type\":\"WebSite\",\"@id\":\"https:\/\/www.laresidenceabano.it\/it\/#website\",\"url\":\"https:\/\/www.laresidenceabano.it\/it\/\",\"name\":\"Hotel La Residence\",\"description\":\"\",\"publisher\":{\"@id\":\"https:\/\/www.laresidenceabano.it\/it\/#organization\"},\"potentialAction\":[{\"@type\":\"SearchAction\",\"target\":{\"@type\":\"EntryPoint\",\"urlTemplate\":\"https:\/\/www.laresidenceabano.it\/it\/?s={search_term_string}\"},\"query-input\":{\"@type\":\"PropertyValueSpecification\",\"valueRequired\":true,\"valueName\":\"search_term_string\"}}],\"inLanguage\":\"it-IT\"},{\"@type\":\"Organization\",\"@id\":\"https:\/\/www.laresidenceabano.it\/it\/#organization\",\"name\":\"Hotel La Residence\",\"url\":\"https:\/\/www.laresidenceabano.it\/it\/\",\"logo\":{\"@type\":\"ImageObject\",\"inLanguage\":\"it-IT\",\"@id\":\"https:\/\/www.laresidenceabano.it\/it\/#\/schema\/logo\/image\/\",\"url\":\"https:\/\/www.laresidenceabano.it\/wp-content\/uploads\/2023\/07\/Logo-hotel-la-residence.svg\",\"contentUrl\":\"https:\/\/www.laresidenceabano.it\/wp-content\/uploads\/2023\/07\/Logo-hotel-la-residence.svg\",\"caption\":\"Hotel La Residence\"},\"image\":{\"@id\":\"https:\/\/www.laresidenceabano.it\/it\/#\/schema\/logo\/image\/\"}},{\"@type\":\"Person\",\"@id\":\"https:\/\/www.laresidenceabano.it\/it\/#\/schema\/person\/ec9e4562fc784cb1f4872ed796724e23\",\"name\":\"mboureux.afpadova\",\"url\":\"https:\/\/www.laresidenceabano.it\/it\/author\/mboureux-afpadova\/\"}]}<\/script>\n<!-- \/ Yoast SEO plugin. -->","yoast_head_json":{"title":"Jak Si\u0119 Ubra\u0107 Na Wycieczk\u0119 Do Rzymu Moja Strona - Hotel La Residence","robots":{"index":"noindex","follow":"follow"},"og_locale":"it_IT","og_type":"article","og_title":"Jak Si\u0119 Ubra\u0107 Na Wycieczk\u0119 Do Rzymu Moja Strona - Hotel La Residence","og_description":"Content Gdzie wysi\u0105\u015b\u0107, \u017ceby by\u0107 jak najbli\u017cej Watykanu? Styl i elegancja W miar\u0119 mo\u017cliwo\u015bci unikaj jazdy po Rzymie Odkryj Niezwyk\u0142e Zabytki Staro\u017cytnego Rzymu: Przewodnik Po Wiecznym Mie\u015bcie Alternatywnie z Fiumicino mo\u017cna wybra\u0107 regionalny poci\u0105g FL1, kt\u00f3ry nie doje\u017cd\u017ca do Termini, ale zatrzymuje si\u0119 m.in. Watykan znajduje si\u0119 w zachodniej cz\u0119\u015bci Rzymu i jest dobrze skomunikowany&hellip; Continua a leggere Jak Si\u0119 Ubra\u0107 Na Wycieczk\u0119 Do Rzymu Moja Strona","og_url":"https:\/\/www.laresidenceabano.it\/it\/jak-si-ubra-na-wycieczk-do-rzymu-moja-strona-2\/","og_site_name":"Hotel La Residence","article_published_time":"2026-02-05T19:34:04+00:00","author":"mboureux.afpadova","twitter_card":"summary_large_image","twitter_misc":{"Scritto da":"mboureux.afpadova","Tempo di lettura stimato":"4 minuti"},"schema":{"@context":"https:\/\/schema.org","@graph":[{"@type":"Article","@id":"https:\/\/www.laresidenceabano.it\/it\/jak-si-ubra-na-wycieczk-do-rzymu-moja-strona-2\/#article","isPartOf":{"@id":"https:\/\/www.laresidenceabano.it\/it\/jak-si-ubra-na-wycieczk-do-rzymu-moja-strona-2\/"},"author":{"name":"mboureux.afpadova","@id":"https:\/\/www.laresidenceabano.it\/it\/#\/schema\/person\/ec9e4562fc784cb1f4872ed796724e23"},"headline":"Jak Si\u0119 Ubra\u0107 Na Wycieczk\u0119 Do Rzymu Moja Strona","datePublished":"2026-02-05T19:34:04+00:00","mainEntityOfPage":{"@id":"https:\/\/www.laresidenceabano.it\/it\/jak-si-ubra-na-wycieczk-do-rzymu-moja-strona-2\/"},"wordCount":832,"publisher":{"@id":"https:\/\/www.laresidenceabano.it\/it\/#organization"},"articleSection":["zycienaobcasach.pl"],"inLanguage":"it-IT"},{"@type":"WebPage","@id":"https:\/\/www.laresidenceabano.it\/it\/jak-si-ubra-na-wycieczk-do-rzymu-moja-strona-2\/","url":"https:\/\/www.laresidenceabano.it\/it\/jak-si-ubra-na-wycieczk-do-rzymu-moja-strona-2\/","name":"Jak Si\u0119 Ubra\u0107 Na Wycieczk\u0119 Do Rzymu Moja Strona - Hotel La Residence","isPartOf":{"@id":"https:\/\/www.laresidenceabano.it\/it\/#website"},"datePublished":"2026-02-05T19:34:04+00:00","breadcrumb":{"@id":"https:\/\/www.laresidenceabano.it\/it\/jak-si-ubra-na-wycieczk-do-rzymu-moja-strona-2\/#breadcrumb"},"inLanguage":"it-IT","potentialAction":[{"@type":"ReadAction","target":["https:\/\/www.laresidenceabano.it\/it\/jak-si-ubra-na-wycieczk-do-rzymu-moja-strona-2\/"]}]},{"@type":"BreadcrumbList","@id":"https:\/\/www.laresidenceabano.it\/it\/jak-si-ubra-na-wycieczk-do-rzymu-moja-strona-2\/#breadcrumb","itemListElement":[{"@type":"ListItem","position":1,"name":"Home","item":"https:\/\/www.laresidenceabano.it\/it\/"},{"@type":"ListItem","position":2,"name":"Jak Si\u0119 Ubra\u0107 Na Wycieczk\u0119 Do Rzymu Moja Strona"}]},{"@type":"WebSite","@id":"https:\/\/www.laresidenceabano.it\/it\/#website","url":"https:\/\/www.laresidenceabano.it\/it\/","name":"Hotel La Residence","description":"","publisher":{"@id":"https:\/\/www.laresidenceabano.it\/it\/#organization"},"potentialAction":[{"@type":"SearchAction","target":{"@type":"EntryPoint","urlTemplate":"https:\/\/www.laresidenceabano.it\/it\/?s={search_term_string}"},"query-input":{"@type":"PropertyValueSpecification","valueRequired":true,"valueName":"search_term_string"}}],"inLanguage":"it-IT"},{"@type":"Organization","@id":"https:\/\/www.laresidenceabano.it\/it\/#organization","name":"Hotel La Residence","url":"https:\/\/www.laresidenceabano.it\/it\/","logo":{"@type":"ImageObject","inLanguage":"it-IT","@id":"https:\/\/www.laresidenceabano.it\/it\/#\/schema\/logo\/image\/","url":"https:\/\/www.laresidenceabano.it\/wp-content\/uploads\/2023\/07\/Logo-hotel-la-residence.svg","contentUrl":"https:\/\/www.laresidenceabano.it\/wp-content\/uploads\/2023\/07\/Logo-hotel-la-residence.svg","caption":"Hotel La Residence"},"image":{"@id":"https:\/\/www.laresidenceabano.it\/it\/#\/schema\/logo\/image\/"}},{"@type":"Person","@id":"https:\/\/www.laresidenceabano.it\/it\/#\/schema\/person\/ec9e4562fc784cb1f4872ed796724e23","name":"mboureux.afpadova","url":"https:\/\/www.laresidenceabano.it\/it\/author\/mboureux-afpadova\/"}]}},"author_meta":{"display_name":"mboureux.afpadova","author_link":"https:\/\/www.laresidenceabano.it\/it\/author\/mboureux-afpadova\/"},"featured_img":null,"coauthors":[],"tax_additional":{"categories":{"linked":["<a href=\"https:\/\/www.laresidenceabano.it\/it\/category\/zycienaobcasach-pl\/\" class=\"advgb-post-tax-term\">zycienaobcasach.pl<\/a>"],"unlinked":["<span class=\"advgb-post-tax-term\">zycienaobcasach.pl<\/span>"]}},"comment_count":"0","relative_dates":{"created":"Pubblicato 3 mesi fa","modified":"Aggiornato 3 mesi fa"},"absolute_dates":{"created":"Pubblicato il 05\/02\/2026","modified":"Aggiornato il 05\/02\/2026"},"absolute_dates_time":{"created":"Pubblicato il 05\/02\/2026 20:34","modified":"Aggiornato il 05\/02\/2026 20:34"},"featured_img_caption":"","series_order":"","_links":{"self":[{"href":"https:\/\/www.laresidenceabano.it\/it\/wp-json\/wp\/v2\/posts\/10168","targetHints":{"allow":["GET"]}}],"collection":[{"href":"https:\/\/www.laresidenceabano.it\/it\/wp-json\/wp\/v2\/posts"}],"about":[{"href":"https:\/\/www.laresidenceabano.it\/it\/wp-json\/wp\/v2\/types\/post"}],"author":[{"embeddable":true,"href":"https:\/\/www.laresidenceabano.it\/it\/wp-json\/wp\/v2\/users\/16"}],"replies":[{"embeddable":true,"href":"https:\/\/www.laresidenceabano.it\/it\/wp-json\/wp\/v2\/comments?post=10168"}],"version-history":[{"count":1,"href":"https:\/\/www.laresidenceabano.it\/it\/wp-json\/wp\/v2\/posts\/10168\/revisions"}],"predecessor-version":[{"id":10400,"href":"https:\/\/www.laresidenceabano.it\/it\/wp-json\/wp\/v2\/posts\/10168\/revisions\/10400"}],"wp:attachment":[{"href":"https:\/\/www.laresidenceabano.it\/it\/wp-json\/wp\/v2\/media?parent=10168"}],"wp:term":[{"taxonomy":"category","embeddable":true,"href":"https:\/\/www.laresidenceabano.it\/it\/wp-json\/wp\/v2\/categories?post=10168"},{"taxonomy":"post_tag","embeddable":true,"href":"https:\/\/www.laresidenceabano.it\/it\/wp-json\/wp\/v2\/tags?post=10168"}],"curies":[{"name":"wp","href":"https:\/\/api.w.org\/{rel}","templated":true}]}}