{"id":10334,"date":"2026-02-05T19:20:57","date_gmt":"2026-02-05T18:20:57","guid":{"rendered":"https:\/\/www.laresidenceabano.it\/?p=10334"},"modified":"2026-02-05T19:20:57","modified_gmt":"2026-02-05T18:20:57","slug":"san-jose-el-nino-jesus-villancicos-2","status":"publish","type":"post","link":"https:\/\/www.laresidenceabano.it\/it\/san-jose-el-nino-jesus-villancicos-2\/","title":{"rendered":"SAN JOS\u00c9 EL NI\u00d1O JES\u00daS Villancicos"},"content":{"rendered":"<div id=\"toc\" style=\"background: #f9f9f9;border: 1px solid #aaa;display: table;margin-bottom: 1em;padding: 1em;width: 350px;\">\n<p class=\"toctitle\" style=\"font-weight: 700;text-align: center;\">Content<\/p>\n<ul class=\"toc_list\">\n<li><a href=\"#toc-1\">San Jos\u00e9 El Ni\u00f1o Jes\u00fas<\/a><\/li>\n<li><a href=\"#toc-3\">Oraci\u00f3n de Confianza en San Jos\u00e9<\/a><\/li>\n<\/ul>\n<\/div>\n<p>Humildemente te pedimos que, teniendo en cuenta el afecto que tuviste a la Virgen Inmaculada Madre de Dios, y del amor paternal que tuviste al ni\ufffdo Jes\ufffds, mires amorosamente la herencia que dej\ufffd el Se\ufffdor Jes\ufffds por su sangre, y por tu intercesi\ufffdn poderosa nos ayudes en esta necesidad urgente.Guardi\ufffdn prudente de la Familia Santa, protege a las personas escogidas por el Se\ufffdor; mant\ufffdn lejos de nosotros, Padre prudente, todo error y pecado. Finalmente, ruega para que pueda yo compartir la paz y el gozo de tu santa muerte. Haz reinar en ella el esp\ufffdritu de fe y de religi\ufffdn, la fidelidad a los mandamientos de Dios y de la Iglesia, la paz y la uni\ufffdn de los hijos, el desprendimiento de los bienes temporales y el amor a los asuntos del cielo.D\ufffdgnate velar sobre todos nuestros intereses.Ruega al Se\ufffdor que bendiga nuestra casa. Jos\ufffd dulc\ufffdsimo y Padre amant\ufffdsimo de mi coraz\ufffdn, a ti te elijo como mi protector en vida y en muerte; y consagro a tu culto este d\ufffda, en recompensa y satisfacci\ufffdn de los muchos que vanamente he dado al mundo, y a sus van\ufffdsimas vanidades.<\/p>\n<p>Incluye una versi\u00f3n de \u00abSummertime\u00bb y el tema de Jesucristo Superstar, \u00abEs m\u00e1s que amor (I Don&#8217;t Know How to Love Him)\u00bb, que populariz\u00f3 \u00c1ngela Carrasco, y temas de Evita, El fantasma de la \u00f3pera, Porgy and Bess, Cats o Sunset Boulevard. En 2002 graba y edita para la compa\u00f1\u00eda Ventura Discos el \u00e1lbum con canciones de musicales, Eternamente, grandes \u00e9xitos de grandes musicales. Tambi\u00e9n en 2001, regresa al teatro con My Fair Lady, de nuevo con Sacrist\u00e1n.\u200b El musical permanece en cartelera diecinueve meses en el teatro Coliseum de Madrid, recibiendo por la cr\u00edtica espa\u00f1ola el t\u00edtulo de \u00abla reina del musical\u00bb. En 2000 San Basilio deja EMI (su discogr\u00e1fica de toda la vida por la compra de Hispavox en 1984) y presenta, en 2001, con Sony Music su disco de boleros Escorpio, producido por Bebu Silvetti, bien recibido en Am\u00e9rica.<\/p>\n<h2 id=\"toc-0\">Oraci\u00f3n para pedir protecci\u00f3n de San Jos\u00e9<\/h2>\n<p>Llena mi coraz\ufffdn de esperanza para que nunca dilate innecesariamente en mis pesares. Amado San Jos\ufffd, acepta esta consagraci\ufffdn, que t\ufffd siempre seas nuestro custodio, padre y gu\ufffda en el camino de la salvaci\ufffdn. Obtenme la luz para conocer el Plan de Dios, para seguirlo confiadamente, y escoger la vocaci\ufffdn que me habr\ufffd de llevar a la vida eterna.<\/p>\n<ul>\n<li>Oraci\ufffdn a San Jos\ufffd para una buena muerteOh Jos\ufffd Bendito, t\ufffd que expiraste en el abrazo amoroso de Jes\ufffds y Mar\ufffda.<\/li>\n<li>Extiende a cada uno de nosotros tu incesante protecci\ufffdn, por tu ejemplo podamos vivir y morir en santidad obtennos la felicidad eterna en cielo.<\/li>\n<li>Comenz\u00f3 en Puerto Rico una gira musical por Latinoam\u00e9rica hasta 1984 y a su regreso a Espa\u00f1a presenta su nuevo trabajo Paloma, que ya triunfaba en Latinoam\u00e9rica con Por qu\u00e9 me abandonaste y fue uno de sus trabajos m\u00e1s vendidos.<\/li>\n<li>Volvi\u00f3 a anunciar su retirada por segunda vez en Onda Cero el 6 de septiembre de 2024 con una gira musical por Espa\u00f1a.\u200b En enero de 2025, anunci\u00f3 por tercera vez su retirada de los escenarios con dos conciertos, el 5 y 6 de junio de 2025 en el Universal Music Festival de Madrid.\u200b<\/li>\n<\/ul>\n<p>Para que, al confiarme aqu\u00ed en la tierra a tu poder celestial, pueda ofrecer mi gratitud y homenaje al m\u00e1s amoroso de los padres. En julio de 1937, la santa estaba en la casa de reposo de su congregaci\u00f3n, pues estaba muy enferma. Oh San Jos\ufffd, que fuiste bendecido por el Se\ufffdor con la beatitud prometida a los puros de coraz\ufffdn, ya que durante tu vida terrena compartiste la vida de Jes\ufffds y viviste en Su presencia visible.<\/p>\n<h3 id=\"toc-1\">San Jos\u00e9 El Ni\u00f1o Jes\u00fas<\/h3>\n<p>Tambi\u00e9n particip\u00f3 en numerosas obras teatrales musicales como Evita, El hombre de la Mancha, My Fair Lady, Victor\/Victoria o Sunset Boulevard.\u200b En 2021 recibi\u00f3 una medalla de oro al m\u00e9rito en las bellas artes.\u200b Oh san Jos\u00e9, yo nunca me canso de contemplarte con <a href=\"https:\/\/figuresina.com\/\">el \u00e1ngel de la abundancia<\/a> Jes\u00fas adormecido en tus brazos. Ay\u00fadame, san Jos\u00e9, con tu poderosa intercesi\u00f3n, a obtener todas las bendiciones espirituales por intercesi\u00f3n de tu Hijo adoptivo, Jesucristo Nuestro Se\u00f1or, de modo que, al confiarme, aqu\u00ed en la tierra, a tu poder celestial, Te tribute mi agradecimiento y homenaje.<\/p>\n<p>Obtennos una gran pureza de coraz\ufffdn y una ferviente devoci\ufffdn a la vida interior. San Jos\ufffd, esposo de la Virgen Mar\ufffda, consagramos a tu Cast\ufffdsimo Coraz\ufffdn, nuestra familia, para que en todos reine el amor y la comprensi\ufffdn, que nuestros hogares sean un refugio del amor de Dios, donde se defienda la vida, pureza, dignidad, y castidad, donde florezcan todas las virtudes cristianas. Am\ufffdn.Oraci\ufffdn a San Jos\ufffd para que nos ayude a decidir nuestra vocaci\ufffdnOh grandioso San Jos\ufffd, tu que fuiste completamente d\ufffdcil a las mociones del Esp\ufffdritu Santo, obtenme la gracia de conocerel estado de vida al que el Se\ufffdor en su providencia ha escogido para m\ufffd.Y ya que mi felicidad en la tierra y la eterna en el Cielo dependen de esta opci\ufffdn, perm\ufffdteme elegir sin errar. Am\ufffdn.Para pedirle a San Jos\ufffd santidad y purezaOh Jos\ufffd bendito, guardi\ufffdn fiel y protector de las v\ufffdrgenes, a quienes Dios confi\ufffd a Jes\ufffds y Mar\ufffda, te imploro por el amor que les tienes, me guardes de la infidelidad de alma, cuerpo y esp\ufffdritu, y siempre les sirva en santidad y pureza de amor. Desde tu lugar en el cielo ven en nuestra ayuda en este conflicto con los poderes de oscuridad, y as\ufffd como en anta\ufffdo protegiste al Ni\ufffdo Jes\ufffds del peligro de la muerte, defiende ahora a la Iglesia santa de las trampas del enemigo y de toda adversidad.<\/p>\n<p>Siga esta oraci\u00f3n con el Padrenuestro, Ave Mar\u00eda y Gloria, rezadas tres veces, como agradecimiento a Dios por las gracias y prerrogativas otorgadas a San Jos\u00e9. Por esa caridad que te uni\u00f3 a la Inmaculada Virgen Madre de Dios, y por el amor paterno con el que abrazaste al Ni\u00f1o Jes\u00fas, te suplicamos humildemente que consideres la herencia que Jesucristo ha comprado con su Sangre, y con su poder y fuerza, para ayudarnos en nuestras necesidades. A ti, oh bendito Jos\u00e9, venimos en nuestra tribulaci\u00f3n, y habiendo implorado la ayuda de tu Sant\u00edsima Esposa, tambi\u00e9n invocamos con confianza tu patrocinio.<\/p>\n<h2 id=\"toc-2\">Iglesia Cat\u00f3lica<\/h2>\n<p>Tambi\u00e9n, pidi\u00f3 un triduo de oraciones a San Jos\u00e9 antes de su fiesta, celebrada el 19 de marzo. Luego, le adjunt\u00f3 la indulgencia parcial y orden\u00f3 que esta oraci\u00f3n se agregara al Rosario durante octubre. Hay otra oraci\u00f3n a San Jos\u00e9 a la que el Manual tambi\u00e9n concede una indulgencia parcial si la rezas con devoci\u00f3n.<\/p>\n<p>Desde ya os elijo como a mi padre, protector y gu\ufffda. A Vos, pues, consagro toda mi vida, y en vuestras manos pongo las congojas, las cruces, los intereses de mi alma\ufffd de mi familia\ufffd de los pecadores\ufffd para que, despu\ufffds de una vida tan trabajosa, podamos ir a gozar para siempre con Vos de la bienaventuranza del Para\ufffdso. Concede a todos los miembros de nuestra familia y de todas las familias de la tierra, la gracia de vivir y morir en el amor de Jes\ufffds y de Mar\ufffda. Otorga la paz a la familia, acierto a los hijos en la elecci\ufffdn de estado. Sean mis pensamientos, palabras y obras fiel trasunto de cuanto os pueda ser acepto y agradable para merecer dignamente vuestro amparo en la vida y en la hora de la muerte.<\/p>\n<p>Oh san Jos\u00e9, cuya protecci\u00f3n es tan grande, tan fuerte y tan inmediata ante el trono de Dios, a ti conf\u00edo todas mis intenciones y deseos. Se estima que la devoci\u00f3n al padre adoptivo de Jes\u00fas comenz\u00f3 entre los siglos III y IV. Aunque san Jos\u00e9 nunca dijo una sola palabra en las Escrituras, su silencioso ejemplo de fidelidad, obediencia y cuidado para con la Sagrada Familia durante los a\u00f1os de formaci\u00f3n de Jes\u00fas hizo de \u00e9l uno de los santos m\u00e1s queridos del cristianismo.<\/p>\n<p>Gloria de la vida dom\u00e9stica, ruega por nosotros. Tal ser\u00e1 mi palabra de alerta en la vida y en la muerte. \u00a1Buen San Jos\u00e9, te ruego por el ardiente amor que tuviste por Jes\u00fas y Mar\u00eda en la tierra, consu\u00e9lame en mi angustia y presenta mi petici\u00f3n, a trav\u00e9s de Jes\u00fas y Mar\u00eda, ante el trono de Dios! \u00a1Por tanto, corro hacia ti, Oh digno padre de Jes\u00fas, casto esposa de Mar\u00eda! La bondad infinita de nuestro Salvador, quien te am\u00f3 y te honr\u00f3 como su padre en la tierra, no puede negarte ninguna petici\u00f3n ahora en el Cielo.<\/p>\n","protected":false},"excerpt":{"rendered":"<p>Content San Jos\u00e9 El Ni\u00f1o Jes\u00fas Oraci\u00f3n de Confianza en San Jos\u00e9 Humildemente te pedimos que, teniendo en cuenta el afecto que tuviste a la Virgen Inmaculada Madre de Dios, y del amor paternal que tuviste al ni\ufffdo Jes\ufffds, mires amorosamente la herencia que dej\ufffd el Se\ufffdor Jes\ufffds por su sangre, y por tu intercesi\ufffdn&hellip; <a class=\"more-link\" href=\"https:\/\/www.laresidenceabano.it\/it\/san-jose-el-nino-jesus-villancicos-2\/\">Continua a leggere <span class=\"screen-reader-text\">SAN JOS\u00c9 EL NI\u00d1O JES\u00daS Villancicos<\/span><\/a><\/p>\n","protected":false},"author":16,"featured_media":0,"comment_status":"","ping_status":"open","sticky":false,"template":"","format":"standard","meta":{"_acf_changed":false,"advgb_blocks_editor_width":"","advgb_blocks_columns_visual_guide":"","footnotes":""},"categories":[333],"tags":[],"class_list":["post-10334","post","type-post","status-publish","format-standard","hentry","category-figuresina-com","entry"],"acf":[],"yoast_head":"<!-- This site is optimized with the Yoast SEO plugin v25.6 - https:\/\/yoast.com\/wordpress\/plugins\/seo\/ -->\n<title>SAN JOS\u00c9 EL NI\u00d1O JES\u00daS Villancicos - Hotel La Residence<\/title>\n<meta name=\"robots\" content=\"noindex, follow\" \/>\n<meta property=\"og:locale\" content=\"it_IT\" \/>\n<meta property=\"og:type\" content=\"article\" \/>\n<meta property=\"og:title\" content=\"SAN JOS\u00c9 EL NI\u00d1O JES\u00daS Villancicos - Hotel La Residence\" \/>\n<meta property=\"og:description\" content=\"Content San Jos\u00e9 El Ni\u00f1o Jes\u00fas Oraci\u00f3n de Confianza en San Jos\u00e9 Humildemente te pedimos que, teniendo en cuenta el afecto que tuviste a la Virgen Inmaculada Madre de Dios, y del amor paternal que tuviste al ni\ufffdo Jes\ufffds, mires amorosamente la herencia que dej\ufffd el Se\ufffdor Jes\ufffds por su sangre, y por tu intercesi\ufffdn&hellip; Continua a leggere SAN JOS\u00c9 EL NI\u00d1O JES\u00daS Villancicos\" \/>\n<meta property=\"og:url\" content=\"https:\/\/www.laresidenceabano.it\/it\/san-jose-el-nino-jesus-villancicos-2\/\" \/>\n<meta property=\"og:site_name\" content=\"Hotel La Residence\" \/>\n<meta property=\"article:published_time\" content=\"2026-02-05T18:20:57+00:00\" \/>\n<meta name=\"author\" content=\"mboureux.afpadova\" \/>\n<meta name=\"twitter:card\" content=\"summary_large_image\" \/>\n<meta name=\"twitter:label1\" content=\"Scritto da\" \/>\n\t<meta name=\"twitter:data1\" content=\"mboureux.afpadova\" \/>\n\t<meta name=\"twitter:label2\" content=\"Tempo di lettura stimato\" \/>\n\t<meta name=\"twitter:data2\" content=\"8 minuti\" \/>\n<script type=\"application\/ld+json\" class=\"yoast-schema-graph\">{\"@context\":\"https:\/\/schema.org\",\"@graph\":[{\"@type\":\"Article\",\"@id\":\"https:\/\/www.laresidenceabano.it\/it\/san-jose-el-nino-jesus-villancicos-2\/#article\",\"isPartOf\":{\"@id\":\"https:\/\/www.laresidenceabano.it\/it\/san-jose-el-nino-jesus-villancicos-2\/\"},\"author\":{\"name\":\"mboureux.afpadova\",\"@id\":\"https:\/\/www.laresidenceabano.it\/it\/#\/schema\/person\/ec9e4562fc784cb1f4872ed796724e23\"},\"headline\":\"SAN JOS\u00c9 EL NI\u00d1O JES\u00daS Villancicos\",\"datePublished\":\"2026-02-05T18:20:57+00:00\",\"mainEntityOfPage\":{\"@id\":\"https:\/\/www.laresidenceabano.it\/it\/san-jose-el-nino-jesus-villancicos-2\/\"},\"wordCount\":1556,\"publisher\":{\"@id\":\"https:\/\/www.laresidenceabano.it\/it\/#organization\"},\"articleSection\":[\"figuresina.com\"],\"inLanguage\":\"it-IT\"},{\"@type\":\"WebPage\",\"@id\":\"https:\/\/www.laresidenceabano.it\/it\/san-jose-el-nino-jesus-villancicos-2\/\",\"url\":\"https:\/\/www.laresidenceabano.it\/it\/san-jose-el-nino-jesus-villancicos-2\/\",\"name\":\"SAN JOS\u00c9 EL NI\u00d1O JES\u00daS Villancicos - Hotel La Residence\",\"isPartOf\":{\"@id\":\"https:\/\/www.laresidenceabano.it\/it\/#website\"},\"datePublished\":\"2026-02-05T18:20:57+00:00\",\"breadcrumb\":{\"@id\":\"https:\/\/www.laresidenceabano.it\/it\/san-jose-el-nino-jesus-villancicos-2\/#breadcrumb\"},\"inLanguage\":\"it-IT\",\"potentialAction\":[{\"@type\":\"ReadAction\",\"target\":[\"https:\/\/www.laresidenceabano.it\/it\/san-jose-el-nino-jesus-villancicos-2\/\"]}]},{\"@type\":\"BreadcrumbList\",\"@id\":\"https:\/\/www.laresidenceabano.it\/it\/san-jose-el-nino-jesus-villancicos-2\/#breadcrumb\",\"itemListElement\":[{\"@type\":\"ListItem\",\"position\":1,\"name\":\"Home\",\"item\":\"https:\/\/www.laresidenceabano.it\/it\/\"},{\"@type\":\"ListItem\",\"position\":2,\"name\":\"SAN JOS\u00c9 EL NI\u00d1O JES\u00daS Villancicos\"}]},{\"@type\":\"WebSite\",\"@id\":\"https:\/\/www.laresidenceabano.it\/it\/#website\",\"url\":\"https:\/\/www.laresidenceabano.it\/it\/\",\"name\":\"Hotel La Residence\",\"description\":\"\",\"publisher\":{\"@id\":\"https:\/\/www.laresidenceabano.it\/it\/#organization\"},\"potentialAction\":[{\"@type\":\"SearchAction\",\"target\":{\"@type\":\"EntryPoint\",\"urlTemplate\":\"https:\/\/www.laresidenceabano.it\/it\/?s={search_term_string}\"},\"query-input\":{\"@type\":\"PropertyValueSpecification\",\"valueRequired\":true,\"valueName\":\"search_term_string\"}}],\"inLanguage\":\"it-IT\"},{\"@type\":\"Organization\",\"@id\":\"https:\/\/www.laresidenceabano.it\/it\/#organization\",\"name\":\"Hotel La Residence\",\"url\":\"https:\/\/www.laresidenceabano.it\/it\/\",\"logo\":{\"@type\":\"ImageObject\",\"inLanguage\":\"it-IT\",\"@id\":\"https:\/\/www.laresidenceabano.it\/it\/#\/schema\/logo\/image\/\",\"url\":\"https:\/\/www.laresidenceabano.it\/wp-content\/uploads\/2023\/07\/Logo-hotel-la-residence.svg\",\"contentUrl\":\"https:\/\/www.laresidenceabano.it\/wp-content\/uploads\/2023\/07\/Logo-hotel-la-residence.svg\",\"caption\":\"Hotel La Residence\"},\"image\":{\"@id\":\"https:\/\/www.laresidenceabano.it\/it\/#\/schema\/logo\/image\/\"}},{\"@type\":\"Person\",\"@id\":\"https:\/\/www.laresidenceabano.it\/it\/#\/schema\/person\/ec9e4562fc784cb1f4872ed796724e23\",\"name\":\"mboureux.afpadova\",\"url\":\"https:\/\/www.laresidenceabano.it\/it\/author\/mboureux-afpadova\/\"}]}<\/script>\n<!-- \/ Yoast SEO plugin. -->","yoast_head_json":{"title":"SAN JOS\u00c9 EL NI\u00d1O JES\u00daS Villancicos - Hotel La Residence","robots":{"index":"noindex","follow":"follow"},"og_locale":"it_IT","og_type":"article","og_title":"SAN JOS\u00c9 EL NI\u00d1O JES\u00daS Villancicos - Hotel La Residence","og_description":"Content San Jos\u00e9 El Ni\u00f1o Jes\u00fas Oraci\u00f3n de Confianza en San Jos\u00e9 Humildemente te pedimos que, teniendo en cuenta el afecto que tuviste a la Virgen Inmaculada Madre de Dios, y del amor paternal que tuviste al ni\ufffdo Jes\ufffds, mires amorosamente la herencia que dej\ufffd el Se\ufffdor Jes\ufffds por su sangre, y por tu intercesi\ufffdn&hellip; Continua a leggere SAN JOS\u00c9 EL NI\u00d1O JES\u00daS Villancicos","og_url":"https:\/\/www.laresidenceabano.it\/it\/san-jose-el-nino-jesus-villancicos-2\/","og_site_name":"Hotel La Residence","article_published_time":"2026-02-05T18:20:57+00:00","author":"mboureux.afpadova","twitter_card":"summary_large_image","twitter_misc":{"Scritto da":"mboureux.afpadova","Tempo di lettura stimato":"8 minuti"},"schema":{"@context":"https:\/\/schema.org","@graph":[{"@type":"Article","@id":"https:\/\/www.laresidenceabano.it\/it\/san-jose-el-nino-jesus-villancicos-2\/#article","isPartOf":{"@id":"https:\/\/www.laresidenceabano.it\/it\/san-jose-el-nino-jesus-villancicos-2\/"},"author":{"name":"mboureux.afpadova","@id":"https:\/\/www.laresidenceabano.it\/it\/#\/schema\/person\/ec9e4562fc784cb1f4872ed796724e23"},"headline":"SAN JOS\u00c9 EL NI\u00d1O JES\u00daS Villancicos","datePublished":"2026-02-05T18:20:57+00:00","mainEntityOfPage":{"@id":"https:\/\/www.laresidenceabano.it\/it\/san-jose-el-nino-jesus-villancicos-2\/"},"wordCount":1556,"publisher":{"@id":"https:\/\/www.laresidenceabano.it\/it\/#organization"},"articleSection":["figuresina.com"],"inLanguage":"it-IT"},{"@type":"WebPage","@id":"https:\/\/www.laresidenceabano.it\/it\/san-jose-el-nino-jesus-villancicos-2\/","url":"https:\/\/www.laresidenceabano.it\/it\/san-jose-el-nino-jesus-villancicos-2\/","name":"SAN JOS\u00c9 EL NI\u00d1O JES\u00daS Villancicos - Hotel La Residence","isPartOf":{"@id":"https:\/\/www.laresidenceabano.it\/it\/#website"},"datePublished":"2026-02-05T18:20:57+00:00","breadcrumb":{"@id":"https:\/\/www.laresidenceabano.it\/it\/san-jose-el-nino-jesus-villancicos-2\/#breadcrumb"},"inLanguage":"it-IT","potentialAction":[{"@type":"ReadAction","target":["https:\/\/www.laresidenceabano.it\/it\/san-jose-el-nino-jesus-villancicos-2\/"]}]},{"@type":"BreadcrumbList","@id":"https:\/\/www.laresidenceabano.it\/it\/san-jose-el-nino-jesus-villancicos-2\/#breadcrumb","itemListElement":[{"@type":"ListItem","position":1,"name":"Home","item":"https:\/\/www.laresidenceabano.it\/it\/"},{"@type":"ListItem","position":2,"name":"SAN JOS\u00c9 EL NI\u00d1O JES\u00daS Villancicos"}]},{"@type":"WebSite","@id":"https:\/\/www.laresidenceabano.it\/it\/#website","url":"https:\/\/www.laresidenceabano.it\/it\/","name":"Hotel La Residence","description":"","publisher":{"@id":"https:\/\/www.laresidenceabano.it\/it\/#organization"},"potentialAction":[{"@type":"SearchAction","target":{"@type":"EntryPoint","urlTemplate":"https:\/\/www.laresidenceabano.it\/it\/?s={search_term_string}"},"query-input":{"@type":"PropertyValueSpecification","valueRequired":true,"valueName":"search_term_string"}}],"inLanguage":"it-IT"},{"@type":"Organization","@id":"https:\/\/www.laresidenceabano.it\/it\/#organization","name":"Hotel La Residence","url":"https:\/\/www.laresidenceabano.it\/it\/","logo":{"@type":"ImageObject","inLanguage":"it-IT","@id":"https:\/\/www.laresidenceabano.it\/it\/#\/schema\/logo\/image\/","url":"https:\/\/www.laresidenceabano.it\/wp-content\/uploads\/2023\/07\/Logo-hotel-la-residence.svg","contentUrl":"https:\/\/www.laresidenceabano.it\/wp-content\/uploads\/2023\/07\/Logo-hotel-la-residence.svg","caption":"Hotel La Residence"},"image":{"@id":"https:\/\/www.laresidenceabano.it\/it\/#\/schema\/logo\/image\/"}},{"@type":"Person","@id":"https:\/\/www.laresidenceabano.it\/it\/#\/schema\/person\/ec9e4562fc784cb1f4872ed796724e23","name":"mboureux.afpadova","url":"https:\/\/www.laresidenceabano.it\/it\/author\/mboureux-afpadova\/"}]}},"author_meta":{"display_name":"mboureux.afpadova","author_link":"https:\/\/www.laresidenceabano.it\/it\/author\/mboureux-afpadova\/"},"featured_img":null,"coauthors":[],"tax_additional":{"categories":{"linked":["<a href=\"https:\/\/www.laresidenceabano.it\/it\/category\/figuresina-com\/\" class=\"advgb-post-tax-term\">figuresina.com<\/a>"],"unlinked":["<span class=\"advgb-post-tax-term\">figuresina.com<\/span>"]}},"comment_count":"0","relative_dates":{"created":"Pubblicato 3 mesi fa","modified":"Aggiornato 3 mesi fa"},"absolute_dates":{"created":"Pubblicato il 05\/02\/2026","modified":"Aggiornato il 05\/02\/2026"},"absolute_dates_time":{"created":"Pubblicato il 05\/02\/2026 19:20","modified":"Aggiornato il 05\/02\/2026 19:20"},"featured_img_caption":"","series_order":"","_links":{"self":[{"href":"https:\/\/www.laresidenceabano.it\/it\/wp-json\/wp\/v2\/posts\/10334","targetHints":{"allow":["GET"]}}],"collection":[{"href":"https:\/\/www.laresidenceabano.it\/it\/wp-json\/wp\/v2\/posts"}],"about":[{"href":"https:\/\/www.laresidenceabano.it\/it\/wp-json\/wp\/v2\/types\/post"}],"author":[{"embeddable":true,"href":"https:\/\/www.laresidenceabano.it\/it\/wp-json\/wp\/v2\/users\/16"}],"replies":[{"embeddable":true,"href":"https:\/\/www.laresidenceabano.it\/it\/wp-json\/wp\/v2\/comments?post=10334"}],"version-history":[{"count":1,"href":"https:\/\/www.laresidenceabano.it\/it\/wp-json\/wp\/v2\/posts\/10334\/revisions"}],"predecessor-version":[{"id":10399,"href":"https:\/\/www.laresidenceabano.it\/it\/wp-json\/wp\/v2\/posts\/10334\/revisions\/10399"}],"wp:attachment":[{"href":"https:\/\/www.laresidenceabano.it\/it\/wp-json\/wp\/v2\/media?parent=10334"}],"wp:term":[{"taxonomy":"category","embeddable":true,"href":"https:\/\/www.laresidenceabano.it\/it\/wp-json\/wp\/v2\/categories?post=10334"},{"taxonomy":"post_tag","embeddable":true,"href":"https:\/\/www.laresidenceabano.it\/it\/wp-json\/wp\/v2\/tags?post=10334"}],"curies":[{"name":"wp","href":"https:\/\/api.w.org\/{rel}","templated":true}]}}