{"id":9237,"date":"2025-01-13T09:51:22","date_gmt":"2025-01-13T08:51:22","guid":{"rendered":"https:\/\/www.laresidenceabano.it\/les-filets-en-plastique-degrades-une-menace-silencieuse-pour-les-fonds-marins-francais\/"},"modified":"2025-01-13T09:51:22","modified_gmt":"2025-01-13T08:51:22","slug":"les-filets-en-plastique-degrades-une-menace-silencieuse-pour-les-fonds-marins-francais","status":"publish","type":"post","link":"https:\/\/www.laresidenceabano.it\/it\/les-filets-en-plastique-degrades-une-menace-silencieuse-pour-les-fonds-marins-francais\/","title":{"rendered":"Les filets en plastique d\u00e9grad\u00e9s : une menace silencieuse pour les fonds marins fran\u00e7ais"},"content":{"rendered":"<div style=\"max-width: 800px; margin: 0 auto; font-family: Arial, sans-serif; line-height: 1.6; color: #2E8B57; text-align: center; padding: 20px;\">\n<p style=\"font-size: 1.2em; margin-bottom: 20px;\">Les filets en plastique abandonn\u00e9s constituent une composante insidieuse de la pollution marine en France. Longtemps ignor\u00e9s, ces d\u00e9bris persistent des d\u00e9cennies, s\u2019oxydant sous l\u2019effet du soleil et des courants, avant de se fragmenter en microplastiques. Cette d\u00e9gradation progressive transforme des objets autrefois fonctionnels en vecteurs de dommages \u00e9cologiques invisibles mais profond\u00e9ment ancr\u00e9s dans les \u00e9cosyst\u00e8mes marins.<\/p>\n<ol style=\"list-style-type: decimal; margin-left: 1.5em;\">\n<li style=\"font-weight: bold; color: #2E8B57;\">Leur persistance dans les fonds marins bretons, m\u00e9diterran\u00e9ens et atlantiques est particuli\u00e8rement pr\u00e9occupante. Des \u00e9tudes men\u00e9es par l\u2019Ifremer r\u00e9v\u00e8lent que certains filets d\u00e9grad\u00e9s y restent fonctionnellement actifs plus de 50 ans apr\u00e8s leur abandon, agissant comme des pi\u00e8ges durables pour la faune marine.<\/li>\n<li style=\"font-weight: bold; color: #2E8B57;\">Ces mat\u00e9riaux, fragilis\u00e9s par des cycles thermiques et m\u00e9caniques r\u00e9p\u00e9t\u00e9s, s\u2019effritent en microfibres qui s\u2019incrustent dans les s\u00e9diments, modifiant durablement la structure des habitats benthiques.<\/li>\n<\/ol>\n<blockquote style=\"font-style: italic; color: #264653; margin: 2em 0; padding: 1em;\"><p>\u00ab La d\u00e9gradation progressive des filets plastiques n\u2019est pas un simple effacement, mais une transformation lente qui transforme un outil de p\u00eache en empreinte toxique permanente des oc\u00e9ans.<\/p><\/blockquote>\n<p style=\"font-size: 1.1em; margin-bottom: 20px;\">Au-del\u00e0 de leur pr\u00e9sence visible, ces d\u00e9bris participent \u00e0 une cha\u00eene d\u2019effets en cascade : ils modifient les cha\u00eenes alimentaires marines, affectent la sant\u00e9 des populations halieutiques, et compromettent les stocks exploit\u00e9s par les p\u00eacheurs fran\u00e7ais, d\u00e9j\u00e0 fragilis\u00e9s par le changement climatique et la surp\u00eache. Cette d\u00e9gradation invisible, pourtant omnipr\u00e9sente, menace la p\u00e9rennit\u00e9 d\u2019une activit\u00e9 essentielle \u00e0 l\u2019\u00e9conomie et \u00e0 la culture fran\u00e7aise.<\/p>\n<h2>Un h\u00e9ritage toxique : trace et tra\u00e7abilit\u00e9 des d\u00e9chets plastiques fran\u00e7ais<\/h2>\n<ol style=\"list-style-type: decimal; margin-left: 1.5em;\">\n<li style=\"font-weight: bold; color: #2E8B57;\">Les origines des filets d\u00e9grad\u00e9s sont multiples : fili\u00e8res commerciales de p\u00eache industrielle, activit\u00e9s r\u00e9cr\u00e9atives c\u00f4ti\u00e8res, et rejets industriels. Selon une \u00e9tude de l\u2019Agence fran\u00e7aise pour la biodiversit\u00e9 (AFB), pr\u00e8s de 30 % des filets perdus proviennent de pratiques de p\u00eache artisanale non s\u00e9curis\u00e9e, tandis que les zones touristiques concentrent une part croissante de d\u00e9chets li\u00e9s aux loisirs maritimes.<\/li>\n<li style=\"font-weight: bold; color: #2E8B57;\">La tra\u00e7abilit\u00e9 reste cependant un d\u00e9fi majeur. L\u2019absence de marquage syst\u00e9matique, combin\u00e9e \u00e0 la dispersion des d\u00e9bris sur des milliers de kilom\u00e8tres de c\u00f4tes, complique leur identification. Des projets innovants, comme l\u2019initiative \u00ab Filets connect\u00e9s \u00bb de l\u2019Universit\u00e9 de Bretagne Sud, utilisent des capteurs RFID pour suivre certains filets, mais leur d\u00e9ploiement reste limit\u00e9.<\/li>\n<li style=\"font-weight: bold; color: #2E8B57;\">Les m\u00e9thodes d\u2019analyse des microplastiques issues de l\u2019Ifremer permettent d\u00e9sormais de d\u00e9tecter des traces infimes dans les s\u00e9diments et les poissons, confirmant une contamination g\u00e9n\u00e9ralis\u00e9e. Une \u00e9tude r\u00e9cente a mis en \u00e9vidence une concentration moyenne de 120 microplastiques par kilogramme de s\u00e9diment dans les zones c\u00f4ti\u00e8res fran\u00e7aises les plus touch\u00e9es.<\/li>\n<\/ol>\n<blockquote style=\"font-style: italic; color: #264653; margin: 2em 0; padding: 1em;\"><p>\u00ab La tra\u00e7abilit\u00e9 des filets perdus est un maillon manquant crucial pour une gestion efficace, mais aussi pour la responsabilit\u00e9 environnementale des acteurs maritimes. \u00bb \u2013 Rapport AFB, 2023<\/p><\/blockquote>\n<p style=\"font-size: 1.1em; margin-bottom: 20px;\">Cette tra\u00e7abilit\u00e9 imparfaite alimente une forme de pollution invisible, dont les effets cumul\u00e9s se traduisent par une d\u00e9gradation silencieuse des stocks halieutiques. Les poissons et coquillages, filtrateurs naturels, accumulent ces particules plastiques, perturbant leur croissance, leur reproduction, et contaminant ainsi la cha\u00eene alimentaire jusqu\u2019\u00e0 l\u2019Homme.<\/p>\n<h2>Cons\u00e9quences socio-\u00e9conomiques sur les communaut\u00e9s de p\u00eacheurs fran\u00e7ais<\/h2>\n<ol style=\"list-style-type: decimal; margin-left: 1.5em;\">\n<li style=\"font-weight: bold; color: #2E8B57;\">Le d\u00e9clin de la productivit\u00e9 halieutique, exacerb\u00e9 par la d\u00e9gradation des habitats et la contamination plastique, p\u00e8se directement sur les revenus des p\u00eacheurs. Selon une enqu\u00eate de la FFEMP (F\u00e9d\u00e9ration Fran\u00e7aise des P\u00eaches Marines), 40 % des professionnels d\u00e9clarent une baisse significative des captures depuis une d\u00e9cennie, avec des impacts locaux marqu\u00e9s en Bretagne et en Aquitaine.<\/li>\n<li style=\"font-weight: bold; color: #2E8B57;\">Face \u00e0 l\u2019augmentation des d\u00e9bris, les pratiques de p\u00eache \u00e9voluent : certains filets sont d\u00e9sormais con\u00e7us pour \u00eatre r\u00e9cup\u00e9r\u00e9s plus rapidement, les p\u00eacheurs adoptent des m\u00e9thodes s\u00e9lectives pour \u00e9viter la perte, et des coop\u00e9ratives exp\u00e9rimentent des syst\u00e8mes de retour des mat\u00e9riaux usag\u00e9s vers des fili\u00e8res de recyclage.<\/li>\n<li style=\"font-weight: bold; color: #2E8B57;\">Les politiques publiques prennent conscience de ce d\u00e9fi. La Strat\u00e9gie <a href=\"https:\/\/ae888ads.com\/how-plastic-pollution-threatens-global-fisheries-08-11-2025\/\" class=\"broken_link\">Nationale<\/a> pour la Mer 2030 inclut des mesures cibl\u00e9es pour r\u00e9duire les pertes de mat\u00e9riel de p\u00eache, avec des subventions pour des filets biod\u00e9gradables et des campagnes de sensibilisation renforc\u00e9es.<\/li>\n<\/ol>\n<blockquote style=\"font-style: italic; color: #264653; margin: 2em 0; padding: 1em;\"><p>\u00ab La survie \u00e9conomique des p\u00eaches fran\u00e7aises d\u00e9pend d\u00e9sormais autant de la gestion des d\u00e9chets que de la pr\u00e9servation des stocks. \u00bb \u2013 Comit\u00e9 technique de la p\u00eache durable, 2024<\/p><\/blockquote>\n<h2>Vers une m\u00e9moire oc\u00e9anique fragile : enjeux de la m\u00e9moire plastique dans les mers fran\u00e7aises<\/h2>\n<ol style=\"list-style-type: decimal; margin-left: 1.5em;\">\n<li style=\"font-weight: bold; color: #2E8B57;\">Les filets d\u00e9grad\u00e9s ne sont pas seulement des d\u00e9chets : ils sont des t\u00e9moins silencieux d\u2019une transformation profonde des fonds marins. Leur pr\u00e9sence dans les s\u00e9diments, parfois datable, offre aux scientifiques une fen\u00eatre unique sur l\u2019histoire r\u00e9cente de la pollution marine fran\u00e7aise.<\/li>\n<li style=\"font-weight: bold; color: #2E8B57;\">La pr\u00e9servation de ces traces mat\u00e9rielles devient un enjeu de m\u00e9moire \u00e9cologique. Des projets collaboratifs, comme \u00ab M\u00e9moires des fonds marins \u00bb, associent chercheurs, p\u00eacheurs et citoyens pour documenter et sensibiliser \u00e0 ce patrimoine invisible, essentiel \u00e0 la compr\u00e9hension des changements environnementaux.<\/li>\n<li style=\"font-weight: bold; color: #2E8B57;\">L\u2019\u00e9ducation et la sensibilisation jouent un r\u00f4le cl\u00e9 : en int\u00e9grant la notion de \u00ab m\u00e9moire plastique \u00bb dans les programmes scolaires maritimes, la France peut renforcer la responsabilit\u00e9 collective et inspirer des comportements durables pour les g\u00e9n\u00e9rations futures.<\/li>\n<\/ol>\n<blockquote style=\"font-style: italic; color: #264653; margin: 2em 0; padding: 1em;\"><p>\u00ab Conserver la trace des filets d\u00e9grad\u00e9s, c\u2019est conserver la m\u00e9moire d\u2019un oc\u00e9an qui change, pour mieux le prot\u00e9ger. \u00bb \u2013 Chercheur en \u00e9cologie marine, IFREMER<\/p><\/blockquote>\n<p style=\"font-size: 1.1em; margin-bottom: 20px;\">Cette m\u00e9moire plastique, fragile mais pr\u00e9cieuse, rappelle que chaque morceau de filet perdu est une page d\u2019un r\u00e9cit \u00e9cologique en construction. Elle invite \u00e0 une vigilance constante et \u00e0 une action concert\u00e9e, pour que les oc\u00e9ans fran\u00e7ais demeurent vivants, riches et dignes de confiance pour les g\u00e9n\u00e9rations \u00e0 venir.<\/p>\n<table style=\"max-width: 800px; margin: 2em auto; font-family: Arial, sans-serif; font-size: 1.1em; border-collapse: collapse; border: 1px solid #ddd;\">\n<thead>\n<tr style=\"background:#f0f0f0;\">\n<th>Enjeux cl\u00e9s de la pollution par les filets d\u00e9grad\u00e9s<\/th>\n<\/tr>\n<\/thead>\n<tbody>\n<tr style=\"background:#f9f9f9;\">\n<td>Persistance des filets plastiques dans les \u00e9cosyst\u00e8mes marins<\/td>\n<td>50 ans de d\u00e9gradation fonctionnelle en moyenne<\/td>\n<td>Impact sur la biodiversit\u00e9 benthique et pelagique<\/td>\n<\/tr>\n<tr style=\"background:#f9f9f9;\">\n<td>Contamination microplastique des s\u00e9diments et cha\u00eenes alimentaires<\/td>\n<td>120 microplastiques\/kg de s\u00e9diment (\u00e9tudes Ifremer)<\/td>\n<td>Risques sanitaires pour les consommateurs de poissons<\/td>\n<\/tr>\n<tr style=\"background:#f9f9f9;\">\n<td>Imp<\/td>\n<\/tr>\n<\/tbody>\n<\/table>\n<\/div>\n","protected":false},"excerpt":{"rendered":"<p>Les filets en plastique abandonn\u00e9s constituent une composante insidieuse de la pollution marine en France. Longtemps ignor\u00e9s, ces d\u00e9bris persistent des d\u00e9cennies, s\u2019oxydant sous l\u2019effet du soleil et des courants, avant de se fragmenter en microplastiques. Cette d\u00e9gradation progressive transforme des objets autrefois fonctionnels en vecteurs de dommages \u00e9cologiques invisibles mais profond\u00e9ment ancr\u00e9s dans les&hellip; <a class=\"more-link\" href=\"https:\/\/www.laresidenceabano.it\/it\/les-filets-en-plastique-degrades-une-menace-silencieuse-pour-les-fonds-marins-francais\/\">Continua a leggere <span class=\"screen-reader-text\">Les filets en plastique d\u00e9grad\u00e9s : une menace silencieuse pour les fonds marins fran\u00e7ais<\/span><\/a><\/p>\n","protected":false},"author":16,"featured_media":0,"comment_status":"","ping_status":"open","sticky":false,"template":"","format":"standard","meta":{"_acf_changed":false,"advgb_blocks_editor_width":"","advgb_blocks_columns_visual_guide":"","footnotes":""},"categories":[1],"tags":[],"class_list":["post-9237","post","type-post","status-publish","format-standard","hentry","category-non-categorizzato","entry"],"acf":[],"yoast_head":"<!-- This site is optimized with the Yoast SEO plugin v25.6 - https:\/\/yoast.com\/wordpress\/plugins\/seo\/ -->\n<title>Les filets en plastique d\u00e9grad\u00e9s : une menace silencieuse pour les fonds marins fran\u00e7ais - Hotel La Residence<\/title>\n<meta name=\"robots\" content=\"noindex, follow\" \/>\n<meta property=\"og:locale\" content=\"it_IT\" \/>\n<meta property=\"og:type\" content=\"article\" \/>\n<meta property=\"og:title\" content=\"Les filets en plastique d\u00e9grad\u00e9s : une menace silencieuse pour les fonds marins fran\u00e7ais - Hotel La Residence\" \/>\n<meta property=\"og:description\" content=\"Les filets en plastique abandonn\u00e9s constituent une composante insidieuse de la pollution marine en France. Longtemps ignor\u00e9s, ces d\u00e9bris persistent des d\u00e9cennies, s\u2019oxydant sous l\u2019effet du soleil et des courants, avant de se fragmenter en microplastiques. Cette d\u00e9gradation progressive transforme des objets autrefois fonctionnels en vecteurs de dommages \u00e9cologiques invisibles mais profond\u00e9ment ancr\u00e9s dans les&hellip; Continua a leggere Les filets en plastique d\u00e9grad\u00e9s : une menace silencieuse pour les fonds marins fran\u00e7ais\" \/>\n<meta property=\"og:url\" content=\"https:\/\/www.laresidenceabano.it\/it\/les-filets-en-plastique-degrades-une-menace-silencieuse-pour-les-fonds-marins-francais\/\" \/>\n<meta property=\"og:site_name\" content=\"Hotel La Residence\" \/>\n<meta property=\"article:published_time\" content=\"2025-01-13T08:51:22+00:00\" \/>\n<meta name=\"author\" content=\"mboureux.afpadova\" \/>\n<meta name=\"twitter:card\" content=\"summary_large_image\" \/>\n<meta name=\"twitter:label1\" content=\"Scritto da\" \/>\n\t<meta name=\"twitter:data1\" content=\"mboureux.afpadova\" \/>\n\t<meta name=\"twitter:label2\" content=\"Tempo di lettura stimato\" \/>\n\t<meta name=\"twitter:data2\" content=\"5 minuti\" \/>\n<script type=\"application\/ld+json\" class=\"yoast-schema-graph\">{\"@context\":\"https:\/\/schema.org\",\"@graph\":[{\"@type\":\"Article\",\"@id\":\"https:\/\/www.laresidenceabano.it\/it\/les-filets-en-plastique-degrades-une-menace-silencieuse-pour-les-fonds-marins-francais\/#article\",\"isPartOf\":{\"@id\":\"https:\/\/www.laresidenceabano.it\/it\/les-filets-en-plastique-degrades-une-menace-silencieuse-pour-les-fonds-marins-francais\/\"},\"author\":{\"name\":\"mboureux.afpadova\",\"@id\":\"https:\/\/www.laresidenceabano.it\/it\/#\/schema\/person\/ec9e4562fc784cb1f4872ed796724e23\"},\"headline\":\"Les filets en plastique d\u00e9grad\u00e9s : une menace silencieuse pour les fonds marins fran\u00e7ais\",\"datePublished\":\"2025-01-13T08:51:22+00:00\",\"mainEntityOfPage\":{\"@id\":\"https:\/\/www.laresidenceabano.it\/it\/les-filets-en-plastique-degrades-une-menace-silencieuse-pour-les-fonds-marins-francais\/\"},\"wordCount\":1090,\"publisher\":{\"@id\":\"https:\/\/www.laresidenceabano.it\/it\/#organization\"},\"articleSection\":[\"Non categorizzato\"],\"inLanguage\":\"it-IT\"},{\"@type\":\"WebPage\",\"@id\":\"https:\/\/www.laresidenceabano.it\/it\/les-filets-en-plastique-degrades-une-menace-silencieuse-pour-les-fonds-marins-francais\/\",\"url\":\"https:\/\/www.laresidenceabano.it\/it\/les-filets-en-plastique-degrades-une-menace-silencieuse-pour-les-fonds-marins-francais\/\",\"name\":\"Les filets en plastique d\u00e9grad\u00e9s : une menace silencieuse pour les fonds marins fran\u00e7ais - Hotel La Residence\",\"isPartOf\":{\"@id\":\"https:\/\/www.laresidenceabano.it\/it\/#website\"},\"datePublished\":\"2025-01-13T08:51:22+00:00\",\"breadcrumb\":{\"@id\":\"https:\/\/www.laresidenceabano.it\/it\/les-filets-en-plastique-degrades-une-menace-silencieuse-pour-les-fonds-marins-francais\/#breadcrumb\"},\"inLanguage\":\"it-IT\",\"potentialAction\":[{\"@type\":\"ReadAction\",\"target\":[\"https:\/\/www.laresidenceabano.it\/it\/les-filets-en-plastique-degrades-une-menace-silencieuse-pour-les-fonds-marins-francais\/\"]}]},{\"@type\":\"BreadcrumbList\",\"@id\":\"https:\/\/www.laresidenceabano.it\/it\/les-filets-en-plastique-degrades-une-menace-silencieuse-pour-les-fonds-marins-francais\/#breadcrumb\",\"itemListElement\":[{\"@type\":\"ListItem\",\"position\":1,\"name\":\"Home\",\"item\":\"https:\/\/www.laresidenceabano.it\/it\/\"},{\"@type\":\"ListItem\",\"position\":2,\"name\":\"Les filets en plastique d\u00e9grad\u00e9s : une menace silencieuse pour les fonds marins fran\u00e7ais\"}]},{\"@type\":\"WebSite\",\"@id\":\"https:\/\/www.laresidenceabano.it\/it\/#website\",\"url\":\"https:\/\/www.laresidenceabano.it\/it\/\",\"name\":\"Hotel La Residence\",\"description\":\"\",\"publisher\":{\"@id\":\"https:\/\/www.laresidenceabano.it\/it\/#organization\"},\"potentialAction\":[{\"@type\":\"SearchAction\",\"target\":{\"@type\":\"EntryPoint\",\"urlTemplate\":\"https:\/\/www.laresidenceabano.it\/it\/?s={search_term_string}\"},\"query-input\":{\"@type\":\"PropertyValueSpecification\",\"valueRequired\":true,\"valueName\":\"search_term_string\"}}],\"inLanguage\":\"it-IT\"},{\"@type\":\"Organization\",\"@id\":\"https:\/\/www.laresidenceabano.it\/it\/#organization\",\"name\":\"Hotel La Residence\",\"url\":\"https:\/\/www.laresidenceabano.it\/it\/\",\"logo\":{\"@type\":\"ImageObject\",\"inLanguage\":\"it-IT\",\"@id\":\"https:\/\/www.laresidenceabano.it\/it\/#\/schema\/logo\/image\/\",\"url\":\"https:\/\/www.laresidenceabano.it\/wp-content\/uploads\/2023\/07\/Logo-hotel-la-residence.svg\",\"contentUrl\":\"https:\/\/www.laresidenceabano.it\/wp-content\/uploads\/2023\/07\/Logo-hotel-la-residence.svg\",\"caption\":\"Hotel La Residence\"},\"image\":{\"@id\":\"https:\/\/www.laresidenceabano.it\/it\/#\/schema\/logo\/image\/\"}},{\"@type\":\"Person\",\"@id\":\"https:\/\/www.laresidenceabano.it\/it\/#\/schema\/person\/ec9e4562fc784cb1f4872ed796724e23\",\"name\":\"mboureux.afpadova\",\"url\":\"https:\/\/www.laresidenceabano.it\/it\/author\/mboureux-afpadova\/\"}]}<\/script>\n<!-- \/ Yoast SEO plugin. -->","yoast_head_json":{"title":"Les filets en plastique d\u00e9grad\u00e9s : une menace silencieuse pour les fonds marins fran\u00e7ais - Hotel La Residence","robots":{"index":"noindex","follow":"follow"},"og_locale":"it_IT","og_type":"article","og_title":"Les filets en plastique d\u00e9grad\u00e9s : une menace silencieuse pour les fonds marins fran\u00e7ais - Hotel La Residence","og_description":"Les filets en plastique abandonn\u00e9s constituent une composante insidieuse de la pollution marine en France. Longtemps ignor\u00e9s, ces d\u00e9bris persistent des d\u00e9cennies, s\u2019oxydant sous l\u2019effet du soleil et des courants, avant de se fragmenter en microplastiques. Cette d\u00e9gradation progressive transforme des objets autrefois fonctionnels en vecteurs de dommages \u00e9cologiques invisibles mais profond\u00e9ment ancr\u00e9s dans les&hellip; Continua a leggere Les filets en plastique d\u00e9grad\u00e9s : une menace silencieuse pour les fonds marins fran\u00e7ais","og_url":"https:\/\/www.laresidenceabano.it\/it\/les-filets-en-plastique-degrades-une-menace-silencieuse-pour-les-fonds-marins-francais\/","og_site_name":"Hotel La Residence","article_published_time":"2025-01-13T08:51:22+00:00","author":"mboureux.afpadova","twitter_card":"summary_large_image","twitter_misc":{"Scritto da":"mboureux.afpadova","Tempo di lettura stimato":"5 minuti"},"schema":{"@context":"https:\/\/schema.org","@graph":[{"@type":"Article","@id":"https:\/\/www.laresidenceabano.it\/it\/les-filets-en-plastique-degrades-une-menace-silencieuse-pour-les-fonds-marins-francais\/#article","isPartOf":{"@id":"https:\/\/www.laresidenceabano.it\/it\/les-filets-en-plastique-degrades-une-menace-silencieuse-pour-les-fonds-marins-francais\/"},"author":{"name":"mboureux.afpadova","@id":"https:\/\/www.laresidenceabano.it\/it\/#\/schema\/person\/ec9e4562fc784cb1f4872ed796724e23"},"headline":"Les filets en plastique d\u00e9grad\u00e9s : une menace silencieuse pour les fonds marins fran\u00e7ais","datePublished":"2025-01-13T08:51:22+00:00","mainEntityOfPage":{"@id":"https:\/\/www.laresidenceabano.it\/it\/les-filets-en-plastique-degrades-une-menace-silencieuse-pour-les-fonds-marins-francais\/"},"wordCount":1090,"publisher":{"@id":"https:\/\/www.laresidenceabano.it\/it\/#organization"},"articleSection":["Non categorizzato"],"inLanguage":"it-IT"},{"@type":"WebPage","@id":"https:\/\/www.laresidenceabano.it\/it\/les-filets-en-plastique-degrades-une-menace-silencieuse-pour-les-fonds-marins-francais\/","url":"https:\/\/www.laresidenceabano.it\/it\/les-filets-en-plastique-degrades-une-menace-silencieuse-pour-les-fonds-marins-francais\/","name":"Les filets en plastique d\u00e9grad\u00e9s : une menace silencieuse pour les fonds marins fran\u00e7ais - Hotel La Residence","isPartOf":{"@id":"https:\/\/www.laresidenceabano.it\/it\/#website"},"datePublished":"2025-01-13T08:51:22+00:00","breadcrumb":{"@id":"https:\/\/www.laresidenceabano.it\/it\/les-filets-en-plastique-degrades-une-menace-silencieuse-pour-les-fonds-marins-francais\/#breadcrumb"},"inLanguage":"it-IT","potentialAction":[{"@type":"ReadAction","target":["https:\/\/www.laresidenceabano.it\/it\/les-filets-en-plastique-degrades-une-menace-silencieuse-pour-les-fonds-marins-francais\/"]}]},{"@type":"BreadcrumbList","@id":"https:\/\/www.laresidenceabano.it\/it\/les-filets-en-plastique-degrades-une-menace-silencieuse-pour-les-fonds-marins-francais\/#breadcrumb","itemListElement":[{"@type":"ListItem","position":1,"name":"Home","item":"https:\/\/www.laresidenceabano.it\/it\/"},{"@type":"ListItem","position":2,"name":"Les filets en plastique d\u00e9grad\u00e9s : une menace silencieuse pour les fonds marins fran\u00e7ais"}]},{"@type":"WebSite","@id":"https:\/\/www.laresidenceabano.it\/it\/#website","url":"https:\/\/www.laresidenceabano.it\/it\/","name":"Hotel La Residence","description":"","publisher":{"@id":"https:\/\/www.laresidenceabano.it\/it\/#organization"},"potentialAction":[{"@type":"SearchAction","target":{"@type":"EntryPoint","urlTemplate":"https:\/\/www.laresidenceabano.it\/it\/?s={search_term_string}"},"query-input":{"@type":"PropertyValueSpecification","valueRequired":true,"valueName":"search_term_string"}}],"inLanguage":"it-IT"},{"@type":"Organization","@id":"https:\/\/www.laresidenceabano.it\/it\/#organization","name":"Hotel La Residence","url":"https:\/\/www.laresidenceabano.it\/it\/","logo":{"@type":"ImageObject","inLanguage":"it-IT","@id":"https:\/\/www.laresidenceabano.it\/it\/#\/schema\/logo\/image\/","url":"https:\/\/www.laresidenceabano.it\/wp-content\/uploads\/2023\/07\/Logo-hotel-la-residence.svg","contentUrl":"https:\/\/www.laresidenceabano.it\/wp-content\/uploads\/2023\/07\/Logo-hotel-la-residence.svg","caption":"Hotel La Residence"},"image":{"@id":"https:\/\/www.laresidenceabano.it\/it\/#\/schema\/logo\/image\/"}},{"@type":"Person","@id":"https:\/\/www.laresidenceabano.it\/it\/#\/schema\/person\/ec9e4562fc784cb1f4872ed796724e23","name":"mboureux.afpadova","url":"https:\/\/www.laresidenceabano.it\/it\/author\/mboureux-afpadova\/"}]}},"author_meta":{"display_name":"mboureux.afpadova","author_link":"https:\/\/www.laresidenceabano.it\/it\/author\/mboureux-afpadova\/"},"featured_img":null,"coauthors":[],"tax_additional":{"categories":{"linked":["<a href=\"https:\/\/www.laresidenceabano.it\/it\/category\/non-categorizzato\/\" class=\"advgb-post-tax-term\">Non categorizzato<\/a>"],"unlinked":["<span class=\"advgb-post-tax-term\">Non categorizzato<\/span>"]}},"comment_count":"0","relative_dates":{"created":"Pubblicato 1 anno fa","modified":"Aggiornato 1 anno fa"},"absolute_dates":{"created":"Pubblicato il 13\/01\/2025","modified":"Aggiornato il 13\/01\/2025"},"absolute_dates_time":{"created":"Pubblicato il 13\/01\/2025 09:51","modified":"Aggiornato il 13\/01\/2025 09:51"},"featured_img_caption":"","series_order":"","_links":{"self":[{"href":"https:\/\/www.laresidenceabano.it\/it\/wp-json\/wp\/v2\/posts\/9237","targetHints":{"allow":["GET"]}}],"collection":[{"href":"https:\/\/www.laresidenceabano.it\/it\/wp-json\/wp\/v2\/posts"}],"about":[{"href":"https:\/\/www.laresidenceabano.it\/it\/wp-json\/wp\/v2\/types\/post"}],"author":[{"embeddable":true,"href":"https:\/\/www.laresidenceabano.it\/it\/wp-json\/wp\/v2\/users\/16"}],"replies":[{"embeddable":true,"href":"https:\/\/www.laresidenceabano.it\/it\/wp-json\/wp\/v2\/comments?post=9237"}],"version-history":[{"count":0,"href":"https:\/\/www.laresidenceabano.it\/it\/wp-json\/wp\/v2\/posts\/9237\/revisions"}],"wp:attachment":[{"href":"https:\/\/www.laresidenceabano.it\/it\/wp-json\/wp\/v2\/media?parent=9237"}],"wp:term":[{"taxonomy":"category","embeddable":true,"href":"https:\/\/www.laresidenceabano.it\/it\/wp-json\/wp\/v2\/categories?post=9237"},{"taxonomy":"post_tag","embeddable":true,"href":"https:\/\/www.laresidenceabano.it\/it\/wp-json\/wp\/v2\/tags?post=9237"}],"curies":[{"name":"wp","href":"https:\/\/api.w.org\/{rel}","templated":true}]}}