{"id":9571,"date":"2025-12-12T18:24:50","date_gmt":"2025-12-12T17:24:50","guid":{"rendered":"https:\/\/www.laresidenceabano.it\/?p=9571"},"modified":"2025-12-12T18:24:50","modified_gmt":"2025-12-12T17:24:50","slug":"centro-israelita-9","status":"publish","type":"post","link":"https:\/\/www.laresidenceabano.it\/it\/centro-israelita-9\/","title":{"rendered":"centro israelita 9"},"content":{"rendered":"<h1>Comunidad Israelita Sefarad\u00ed de Chile CIS<\/h1>\n<div id=\"toc\" style=\"background: #f9f9f9;border: 1px solid #aaa;display: table;margin-bottom: 1em;padding: 1em;width: 350px;\">\n<p class=\"toctitle\" style=\"font-weight: 700;text-align: center;\">Content<\/p>\n<ul class=\"toc_list\">\n<li><a href=\"#toc-0\">David Morris Lee, Premio Nobel de F\u00edsica<\/a><\/li>\n<li><a href=\"#toc-3\">TRADICI\u00d3N Y FUTURO<\/a><\/li>\n<li><a href=\"#toc-4\">Rafaela Knapp brilla en 2025 con varios primeros lugares en el ski nacional<\/a><\/li>\n<\/ul>\n<\/div>\n<p>Sobre la falta de reconocimiento internacional, afirma que refleja &#x201C;una especie de cooperaci&#xF3;n con los estados &#xE1;rabes que pretenden borrar toda memoria de la historia jud&#xED;a en sus tierras&#x201D;.Violencia, pogromos y operaciones de evacuaci&#xF3;nA la presi&#xF3;n pol&#xED;tica se sum&#xF3; la violencia directa contra los jud&#xED;os en varios pa&#xED;ses &#xE1;rabes. Los documentos retratan la vida de la familia Kychenthal&#x2013;Hecht, quienes llegaron a Chile en 1939 escapando de la persecuci&#xF3;n nazi, y se convirtieron en parte de la comunidad jud&#xED;a chilena que reconstruy&#xF3; su vida lejos de Europa.El acervo fue donado al Archivo Jud&#xED;o de Chile en 2018. Fundado por la comunidad jud&#xED;a hace casi 100 a&#xF1;os, el Centro M&#xE9;dico Israelita es una referencia en el centro de Santiago, donde concurren residentes del sector y de regiones de Chile.<\/p>\n<h2 id=\"toc-0\">David Morris Lee, Premio Nobel de F&#xED;sica<\/h2>\n<p>Seg&#xFA;n estudios hist&#xF3;ricos, era com&#xFA;n que una persona tuviera hasta cuatro nombres distintos, dependiendo de si hablaba con su rabino, un comerciante o un funcionario estatal. Un hombre pod&#xED;a ser Yitzhak en hebreo, Ishak en turco e Isaac en ladino. El cambio no significaba olvido, sino resistencia silenciosa.El mismo fen&#xF3;meno se observ&#xF3; en el Imperio Otomano, donde los sefard&#xED;es adaptaron sus nombres seg&#xFA;n el idioma que usaran. Ya en tiempos antiguos, Saulo se hac&#xED;a llamar Pablo para moverse entre comunidades romanas.<\/p>\n<p>Adem&#xE1;s, la sinagoga dispone de salas de estudio, biblioteca y espacios comunes donde los miembros de la comunidad pueden encontrarse y socializar. Adem&#xE1;s de los servicios religiosos, el C&#xED;rculo Israelita de Santiago organiza eventos y actividades que fomentan el aprendizaje y la convivencia comunitaria. Hoy por hoy, adem&#xE1;s del Director M&#xE9;dico, hay m&#xE1;s de 40 profesionales del &#xE1;rea m&#xE9;dica y odontol&#xF3;gica, haciendo un total de 73 personas entre profesionales y personal administrativo que trabajan en el CMI.<\/p>\n<ul>\n<li>El motor el\u00e9ctrico lo hizo en 50 a\u00f1os e internet en solo cinco.<\/li>\n<li>Una novela que combina profundidad psicol\u00f3gica con cr\u00edtica social.Para Fernando Araos, psicoanalista y expresidente de la Asociaci\u00f3n Psicoanal\u00edtica de Chile, \u201cLev invita a entrar en su consultorio, en su vida y en las instituciones que matizan la su existencia\u2026 Desamparos y mezquindades, altruismo, miserias; por ah\u00ed va el protagonista con su historia, que es tambi\u00e9n la nuestra\u201d.<\/li>\n<li>El nuevo nombre abr\u00eda puertas, pero no borraba la sospecha.Los problemas iban m\u00e1s all\u00e1 de lo simb\u00f3lico.<\/li>\n<li>As\u00ed como los Macabeos se atrevieron a encender una luz, sabiendo que no era suficiente el aceite, y despu\u00e9s se produjo el milagro, as\u00ed el pueblo de Israel sigue creando milagros.<\/li>\n<li>La subjetividad propia est\u00e1 imponi\u00e9ndose a los intereses de los dem\u00e1s.<\/li>\n<\/ul>\n<p>La Comunidad Israelita de Santiago que funcion&#xF3; por casi cincuenta a&#xF1;os en la Gran Sinagoga de <a href=\"cmi.cl\">centro m&#xE9;dico santiago centro<\/a> calle Serrano, decide trasladar su sede al sector oriente de la ciudad, optando as&#xED; a albergar mayores actividades comunitarias, sociales y culturales adem&#xE1;s de las religiosas. Si est&#xE1;s interesado en conocer m&#xE1;s sobre la comunidad jud&#xED;a de Santiago o en participar en los servicios religiosos del C&#xED;rculo Israelita de Santiago, te recomendamos que te pongas en contacto con ellos. Con una valoraci&#xF3;n de 4,6 sobre 5 por parte de 102 clientes, esta iglesia se ha convertido en un lugar de encuentro y culto para la comunidad jud&#xED;a de la zona. Somos una fundaci&#xF3;n abierta a la comunidad, siendo la mayor&#xED;a de pacientes personas no jud&#xED;as.<\/p>\n<h3 id=\"toc-1\">a&#xF1;os CJCH, Acci&#xF3;n Social, Chile, Comunidad Jud&#xED;a, Salud<\/h3>\n<p>No result&#xF3; f&#xE1;cil y sencillo el desarrollo de la labor de orientaci&#xF3;n y entrecruzamiento de la vida comunitaria en C&#xF3;rdoba. Los aspectos esenciales de la acci&#xF3;n por desarrollar, seg&#xFA;n estatutos, abarcan la acci&#xF3;n educativa jud&#xED;a, labor cultural, asistencia social comunitaria y servicios funerarios. El prop&#xF3;sito de la fusi&#xF3;n de ambas instituciones &#x2013;mucho antes que en cualquier otro lugar del pa&#xED;s- fue el logro de una fecunda estructura comunitaria.<\/p>\n<h3 id=\"toc-2\">religiosos en nuestra Sinagoga. Es qui&#xE9;n nos<\/h3>\n<p>Su trabajo analiza c&#xF3;mo la condici&#xF3;n social jud&#xED;a ha influido en la cultura y si el juda&#xED;smo moderno y puede persistir sin pr&#xE1;cticas religiosas o sin la naci&#xF3;n de Israel. Yossi Landau (Jefe de Operaciones del sur de ZAKA) L&#xED;der del equipo que coordin&#xF3; recuperaci&#xF3;n de cuerpos tras los ataques, incluyendo zonas rurales y comunidades al sur. En ese puente entre la ley, la ciencia y el coraz&#xF3;n, ZAKA sigue recogiendo &#x2014;literal y simb&#xF3;licamente&#x2014; lo que queda de nosotros, para que nuestras historias no se pierdan en la violencia. Mientras los debates pol&#xED;ticos sobre guerra y seguridad contin&#xFA;an, en los escombros y en las morgues hay personas que buscan fragmentos, fotograf&#xED;an, documentan y devuelven.<\/p>\n<p>Con los a&#xF1;os uno aprende que los modos de funcionamiento de las personas est&#xE1;n muy arraigados. Desde entonces, el equipo de la instituci&#xF3;n ha trabajado en su organizaci&#xF3;n, digitalizaci&#xF3;n y descripci&#xF3;n, permitiendo que hoy sea accesible y consultado tanto por especialistas como por quienes buscan comprender la historia de las migraciones y del exilio en Chile.Su incorporaci&#xF3;n al Registro Nacional del Programa Memoria del Mundo marca un paso importante en el reconocimiento del patrimonio documental de la inmigraci&#xF3;n jud&#xED;a en el pa&#xED;s. Harold Walter Kroto naci&#xF3; en Inglaterra el 7 de octubre de 1939 en una familia de inmigrantes jud&#xED;os polacos y alemanes que huyeron de la Alemania nazi en la d&#xE9;cada de 1930.<\/p>\n<p>Su t&#xED;o Harry le regal&#xF3; un microscopio con el que hac&#xED;a sus observaciones personales; al a&#xF1;o siguiente se mud&#xF3; a la Facultad de Medicina, ah&#xED; comenz&#xF3; a interesarse por la biolog&#xED;a celular. Mamdani lo interpret&#xF3; como un llamado a la igualdad de derechos e incluso lo compar&#xF3; con la resistencia jud&#xED;a del Gueto de Varsovia, seg&#xFA;n la traducci&#xF3;n al &#xE1;rabe que figura en el Museo del Holocausto. Con el tiempo calific&#xF3; las acciones israel&#xED;es en Gaza como &#x201C;genocidio&#x201D;, y anunci&#xF3; que arrestar&#xED;a a Netanyahu si visitara Nueva York.Su postura sobre el lema &#x201C;Globalizar la Intifada&#x201D; tambi&#xE9;n gener&#xF3; pol&#xE9;mica. Al respecto, me hubiese gustado que a nivel local y al m&#xE1;s alto nivel nacional, en primer&#xED;simo lugar, se abordaran procesos como el preocupante giro cr&#xED;tico de Israel que est&#xE1; teniendo lugar entre los j&#xF3;venes de la comunidad, en cierto modo, r&#xE9;plica de lo que est&#xE1; ocurriendo con otros j&#xF3;venes estadounidenses. Una mayor&#xED;a absoluta lo convirti&#xF3; en alcalde, y la derrota es conjunta de republicanos, el centro pol&#xED;tico y de los dem&#xF3;cratas m&#xE1;s moderados. Mantuvo estrechos lazos con colegas israel&#xED;es y fue profesor visitante de la Universidad Hebrea, el Instituto Weizmann y la Universidad de Tel Aviv.<\/p>\n<h2 id=\"toc-5\">Educaci&#xF3;n (Tor&#xE1;)<\/h2>\n<p>De cualquier manera, la velocidad con la que se adoptan los cambios en cada pa&#xED;s depende de sus caracter&#xED;sticas y cuestiones culturales. En 1882, con la invenci&#xF3;n del motor el&#xE9;ctrico, las fuentes de energ&#xED;a se multiplicaron, llevando a incrementos importantes de productividad. El primer gran salto en crecimiento en la historia moderna se reconoce a fines de 1700 con la revoluci&#xF3;n industrial, que cambi&#xF3; definitivamente la econom&#xED;a mundial. La historia nos muestra que cambios disruptivos como el que se est&#xE1; configurando, impulsa a las econom&#xED;as, lo que se manifestar&#xE1; con nitidez en las pr&#xF3;ximas d&#xE9;cadas. En mi caso, fui a Yale porque estaba Aldo Parisot, y despu&#xE9;s fui al Boston Conservatory porque estaba Rhonda Rider.En segundo lugar, dir&#xED;a que hay artistas que a uno lo marcan en diferentes periodos de la vida. Conversamos con ellas para conocer su pasi&#xF3;n y detalles del concierto que ofrecer&#xE1;n a la comunidad.Dafna, muchos te conoc&#xED;amos como alguien dedicado a la m&#xFA;sica desde el colegio.<\/p>\n","protected":false},"excerpt":{"rendered":"<p>Comunidad Israelita Sefarad\u00ed de Chile CIS Content David Morris Lee, Premio Nobel de F\u00edsica TRADICI\u00d3N Y FUTURO Rafaela Knapp brilla en 2025 con varios primeros lugares en el ski nacional Sobre la falta de reconocimiento internacional, afirma que refleja &#x201C;una especie de cooperaci&#xF3;n con los estados &#xE1;rabes que pretenden borrar toda memoria de la historia&hellip; <a class=\"more-link\" href=\"https:\/\/www.laresidenceabano.it\/it\/centro-israelita-9\/\">Continua a leggere <span class=\"screen-reader-text\">centro israelita 9<\/span><\/a><\/p>\n","protected":false},"author":16,"featured_media":0,"comment_status":"","ping_status":"open","sticky":false,"template":"","format":"standard","meta":{"_acf_changed":false,"advgb_blocks_editor_width":"","advgb_blocks_columns_visual_guide":"","footnotes":""},"categories":[89],"tags":[],"class_list":["post-9571","post","type-post","status-publish","format-standard","hentry","category-casino","entry"],"acf":[],"yoast_head":"<!-- This site is optimized with the Yoast SEO plugin v25.6 - https:\/\/yoast.com\/wordpress\/plugins\/seo\/ -->\n<title>centro israelita 9 - Hotel La Residence<\/title>\n<meta name=\"robots\" content=\"noindex, follow\" \/>\n<meta property=\"og:locale\" content=\"it_IT\" \/>\n<meta property=\"og:type\" content=\"article\" \/>\n<meta property=\"og:title\" content=\"centro israelita 9 - Hotel La Residence\" \/>\n<meta property=\"og:description\" content=\"Comunidad Israelita Sefarad\u00ed de Chile CIS Content David Morris Lee, Premio Nobel de F\u00edsica TRADICI\u00d3N Y FUTURO Rafaela Knapp brilla en 2025 con varios primeros lugares en el ski nacional Sobre la falta de reconocimiento internacional, afirma que refleja &#x201C;una especie de cooperaci&#xF3;n con los estados &#xE1;rabes que pretenden borrar toda memoria de la historia&hellip; Continua a leggere centro israelita 9\" \/>\n<meta property=\"og:url\" content=\"https:\/\/www.laresidenceabano.it\/it\/centro-israelita-9\/\" \/>\n<meta property=\"og:site_name\" content=\"Hotel La Residence\" \/>\n<meta property=\"article:published_time\" content=\"2025-12-12T17:24:50+00:00\" \/>\n<meta name=\"author\" content=\"mboureux.afpadova\" \/>\n<meta name=\"twitter:card\" content=\"summary_large_image\" \/>\n<meta name=\"twitter:label1\" content=\"Scritto da\" \/>\n\t<meta name=\"twitter:data1\" content=\"mboureux.afpadova\" \/>\n\t<meta name=\"twitter:label2\" content=\"Tempo di lettura stimato\" \/>\n\t<meta name=\"twitter:data2\" content=\"8 minuti\" \/>\n<script type=\"application\/ld+json\" class=\"yoast-schema-graph\">{\"@context\":\"https:\/\/schema.org\",\"@graph\":[{\"@type\":\"Article\",\"@id\":\"https:\/\/www.laresidenceabano.it\/it\/centro-israelita-9\/#article\",\"isPartOf\":{\"@id\":\"https:\/\/www.laresidenceabano.it\/it\/centro-israelita-9\/\"},\"author\":{\"name\":\"mboureux.afpadova\",\"@id\":\"https:\/\/www.laresidenceabano.it\/it\/#\/schema\/person\/ec9e4562fc784cb1f4872ed796724e23\"},\"headline\":\"centro israelita 9\",\"datePublished\":\"2025-12-12T17:24:50+00:00\",\"mainEntityOfPage\":{\"@id\":\"https:\/\/www.laresidenceabano.it\/it\/centro-israelita-9\/\"},\"wordCount\":1540,\"publisher\":{\"@id\":\"https:\/\/www.laresidenceabano.it\/it\/#organization\"},\"articleSection\":[\"casino\"],\"inLanguage\":\"it-IT\"},{\"@type\":\"WebPage\",\"@id\":\"https:\/\/www.laresidenceabano.it\/it\/centro-israelita-9\/\",\"url\":\"https:\/\/www.laresidenceabano.it\/it\/centro-israelita-9\/\",\"name\":\"centro israelita 9 - Hotel La Residence\",\"isPartOf\":{\"@id\":\"https:\/\/www.laresidenceabano.it\/it\/#website\"},\"datePublished\":\"2025-12-12T17:24:50+00:00\",\"breadcrumb\":{\"@id\":\"https:\/\/www.laresidenceabano.it\/it\/centro-israelita-9\/#breadcrumb\"},\"inLanguage\":\"it-IT\",\"potentialAction\":[{\"@type\":\"ReadAction\",\"target\":[\"https:\/\/www.laresidenceabano.it\/it\/centro-israelita-9\/\"]}]},{\"@type\":\"BreadcrumbList\",\"@id\":\"https:\/\/www.laresidenceabano.it\/it\/centro-israelita-9\/#breadcrumb\",\"itemListElement\":[{\"@type\":\"ListItem\",\"position\":1,\"name\":\"Home\",\"item\":\"https:\/\/www.laresidenceabano.it\/it\/\"},{\"@type\":\"ListItem\",\"position\":2,\"name\":\"centro israelita 9\"}]},{\"@type\":\"WebSite\",\"@id\":\"https:\/\/www.laresidenceabano.it\/it\/#website\",\"url\":\"https:\/\/www.laresidenceabano.it\/it\/\",\"name\":\"Hotel La Residence\",\"description\":\"\",\"publisher\":{\"@id\":\"https:\/\/www.laresidenceabano.it\/it\/#organization\"},\"potentialAction\":[{\"@type\":\"SearchAction\",\"target\":{\"@type\":\"EntryPoint\",\"urlTemplate\":\"https:\/\/www.laresidenceabano.it\/it\/?s={search_term_string}\"},\"query-input\":{\"@type\":\"PropertyValueSpecification\",\"valueRequired\":true,\"valueName\":\"search_term_string\"}}],\"inLanguage\":\"it-IT\"},{\"@type\":\"Organization\",\"@id\":\"https:\/\/www.laresidenceabano.it\/it\/#organization\",\"name\":\"Hotel La Residence\",\"url\":\"https:\/\/www.laresidenceabano.it\/it\/\",\"logo\":{\"@type\":\"ImageObject\",\"inLanguage\":\"it-IT\",\"@id\":\"https:\/\/www.laresidenceabano.it\/it\/#\/schema\/logo\/image\/\",\"url\":\"https:\/\/www.laresidenceabano.it\/wp-content\/uploads\/2023\/07\/Logo-hotel-la-residence.svg\",\"contentUrl\":\"https:\/\/www.laresidenceabano.it\/wp-content\/uploads\/2023\/07\/Logo-hotel-la-residence.svg\",\"caption\":\"Hotel La Residence\"},\"image\":{\"@id\":\"https:\/\/www.laresidenceabano.it\/it\/#\/schema\/logo\/image\/\"}},{\"@type\":\"Person\",\"@id\":\"https:\/\/www.laresidenceabano.it\/it\/#\/schema\/person\/ec9e4562fc784cb1f4872ed796724e23\",\"name\":\"mboureux.afpadova\",\"url\":\"https:\/\/www.laresidenceabano.it\/it\/author\/mboureux-afpadova\/\"}]}<\/script>\n<!-- \/ Yoast SEO plugin. -->","yoast_head_json":{"title":"centro israelita 9 - Hotel La Residence","robots":{"index":"noindex","follow":"follow"},"og_locale":"it_IT","og_type":"article","og_title":"centro israelita 9 - Hotel La Residence","og_description":"Comunidad Israelita Sefarad\u00ed de Chile CIS Content David Morris Lee, Premio Nobel de F\u00edsica TRADICI\u00d3N Y FUTURO Rafaela Knapp brilla en 2025 con varios primeros lugares en el ski nacional Sobre la falta de reconocimiento internacional, afirma que refleja &#x201C;una especie de cooperaci&#xF3;n con los estados &#xE1;rabes que pretenden borrar toda memoria de la historia&hellip; Continua a leggere centro israelita 9","og_url":"https:\/\/www.laresidenceabano.it\/it\/centro-israelita-9\/","og_site_name":"Hotel La Residence","article_published_time":"2025-12-12T17:24:50+00:00","author":"mboureux.afpadova","twitter_card":"summary_large_image","twitter_misc":{"Scritto da":"mboureux.afpadova","Tempo di lettura stimato":"8 minuti"},"schema":{"@context":"https:\/\/schema.org","@graph":[{"@type":"Article","@id":"https:\/\/www.laresidenceabano.it\/it\/centro-israelita-9\/#article","isPartOf":{"@id":"https:\/\/www.laresidenceabano.it\/it\/centro-israelita-9\/"},"author":{"name":"mboureux.afpadova","@id":"https:\/\/www.laresidenceabano.it\/it\/#\/schema\/person\/ec9e4562fc784cb1f4872ed796724e23"},"headline":"centro israelita 9","datePublished":"2025-12-12T17:24:50+00:00","mainEntityOfPage":{"@id":"https:\/\/www.laresidenceabano.it\/it\/centro-israelita-9\/"},"wordCount":1540,"publisher":{"@id":"https:\/\/www.laresidenceabano.it\/it\/#organization"},"articleSection":["casino"],"inLanguage":"it-IT"},{"@type":"WebPage","@id":"https:\/\/www.laresidenceabano.it\/it\/centro-israelita-9\/","url":"https:\/\/www.laresidenceabano.it\/it\/centro-israelita-9\/","name":"centro israelita 9 - Hotel La Residence","isPartOf":{"@id":"https:\/\/www.laresidenceabano.it\/it\/#website"},"datePublished":"2025-12-12T17:24:50+00:00","breadcrumb":{"@id":"https:\/\/www.laresidenceabano.it\/it\/centro-israelita-9\/#breadcrumb"},"inLanguage":"it-IT","potentialAction":[{"@type":"ReadAction","target":["https:\/\/www.laresidenceabano.it\/it\/centro-israelita-9\/"]}]},{"@type":"BreadcrumbList","@id":"https:\/\/www.laresidenceabano.it\/it\/centro-israelita-9\/#breadcrumb","itemListElement":[{"@type":"ListItem","position":1,"name":"Home","item":"https:\/\/www.laresidenceabano.it\/it\/"},{"@type":"ListItem","position":2,"name":"centro israelita 9"}]},{"@type":"WebSite","@id":"https:\/\/www.laresidenceabano.it\/it\/#website","url":"https:\/\/www.laresidenceabano.it\/it\/","name":"Hotel La Residence","description":"","publisher":{"@id":"https:\/\/www.laresidenceabano.it\/it\/#organization"},"potentialAction":[{"@type":"SearchAction","target":{"@type":"EntryPoint","urlTemplate":"https:\/\/www.laresidenceabano.it\/it\/?s={search_term_string}"},"query-input":{"@type":"PropertyValueSpecification","valueRequired":true,"valueName":"search_term_string"}}],"inLanguage":"it-IT"},{"@type":"Organization","@id":"https:\/\/www.laresidenceabano.it\/it\/#organization","name":"Hotel La Residence","url":"https:\/\/www.laresidenceabano.it\/it\/","logo":{"@type":"ImageObject","inLanguage":"it-IT","@id":"https:\/\/www.laresidenceabano.it\/it\/#\/schema\/logo\/image\/","url":"https:\/\/www.laresidenceabano.it\/wp-content\/uploads\/2023\/07\/Logo-hotel-la-residence.svg","contentUrl":"https:\/\/www.laresidenceabano.it\/wp-content\/uploads\/2023\/07\/Logo-hotel-la-residence.svg","caption":"Hotel La Residence"},"image":{"@id":"https:\/\/www.laresidenceabano.it\/it\/#\/schema\/logo\/image\/"}},{"@type":"Person","@id":"https:\/\/www.laresidenceabano.it\/it\/#\/schema\/person\/ec9e4562fc784cb1f4872ed796724e23","name":"mboureux.afpadova","url":"https:\/\/www.laresidenceabano.it\/it\/author\/mboureux-afpadova\/"}]}},"author_meta":{"display_name":"mboureux.afpadova","author_link":"https:\/\/www.laresidenceabano.it\/it\/author\/mboureux-afpadova\/"},"featured_img":null,"coauthors":[],"tax_additional":{"categories":{"linked":["<a href=\"https:\/\/www.laresidenceabano.it\/it\/category\/casino\/\" class=\"advgb-post-tax-term\">casino<\/a>"],"unlinked":["<span class=\"advgb-post-tax-term\">casino<\/span>"]}},"comment_count":"0","relative_dates":{"created":"Pubblicato 5 mesi fa","modified":"Aggiornato 5 mesi fa"},"absolute_dates":{"created":"Pubblicato il 12\/12\/2025","modified":"Aggiornato il 12\/12\/2025"},"absolute_dates_time":{"created":"Pubblicato il 12\/12\/2025 18:24","modified":"Aggiornato il 12\/12\/2025 18:24"},"featured_img_caption":"","series_order":"","_links":{"self":[{"href":"https:\/\/www.laresidenceabano.it\/it\/wp-json\/wp\/v2\/posts\/9571","targetHints":{"allow":["GET"]}}],"collection":[{"href":"https:\/\/www.laresidenceabano.it\/it\/wp-json\/wp\/v2\/posts"}],"about":[{"href":"https:\/\/www.laresidenceabano.it\/it\/wp-json\/wp\/v2\/types\/post"}],"author":[{"embeddable":true,"href":"https:\/\/www.laresidenceabano.it\/it\/wp-json\/wp\/v2\/users\/16"}],"replies":[{"embeddable":true,"href":"https:\/\/www.laresidenceabano.it\/it\/wp-json\/wp\/v2\/comments?post=9571"}],"version-history":[{"count":1,"href":"https:\/\/www.laresidenceabano.it\/it\/wp-json\/wp\/v2\/posts\/9571\/revisions"}],"predecessor-version":[{"id":9583,"href":"https:\/\/www.laresidenceabano.it\/it\/wp-json\/wp\/v2\/posts\/9571\/revisions\/9583"}],"wp:attachment":[{"href":"https:\/\/www.laresidenceabano.it\/it\/wp-json\/wp\/v2\/media?parent=9571"}],"wp:term":[{"taxonomy":"category","embeddable":true,"href":"https:\/\/www.laresidenceabano.it\/it\/wp-json\/wp\/v2\/categories?post=9571"},{"taxonomy":"post_tag","embeddable":true,"href":"https:\/\/www.laresidenceabano.it\/it\/wp-json\/wp\/v2\/tags?post=9571"}],"curies":[{"name":"wp","href":"https:\/\/api.w.org\/{rel}","templated":true}]}}