{"id":9576,"date":"2025-06-06T11:40:12","date_gmt":"2025-06-06T09:40:12","guid":{"rendered":"https:\/\/www.laresidenceabano.it\/agua-purificada-uva-montecatini-4\/"},"modified":"2025-06-06T11:40:12","modified_gmt":"2025-06-06T09:40:12","slug":"agua-purificada-uva-montecatini-4","status":"publish","type":"post","link":"https:\/\/www.laresidenceabano.it\/it\/agua-purificada-uva-montecatini-4\/","title":{"rendered":"AGUA PURIFICADA UVA MONTECATINI"},"content":{"rendered":"<div id=\"toc\" style=\"background: #f9f9f9;border: 1px solid #aaa;display: table;margin-bottom: 1em;padding: 1em;width: 350px;\">\n<p class=\"toctitle\" style=\"font-weight: 700;text-align: center;\">Content<\/p>\n<ul class=\"toc_list\">\n<li><a href=\"#toc-0\">SmArt Hotel Bartolini<\/a><\/li>\n<li><a href=\"#toc-2\">montecatini.cl 19<\/a><\/li>\n<li><a href=\"#toc-3\">GALER\u00cdA DE ARTE MONTECATINI, VENTA ESPECIAL DE VERANO Esc\u00e1ner Cultural<\/a><\/li>\n<\/ul>\n<\/div>\n<p>Como mencion&amp;#xE9; anteriormente, estas exploraciones se materializan en piezas de arte de diferentes estilos, siendo mis favoritas las &amp;#x201C;esculturas vivientes&amp;#x201D;. M&amp;#xE1;s bien&amp;#xA0;obedece al orden de la vida misma, es decir, a la secuencia impredecible y perfecta seg&amp;#xFA;n la cual las diversas historias m&amp;#xED;ticas se le manifiestan al artista, vinculadas a determinados espacios, objetos o incluso a personas que hacen directa referencia a ellas y desde los cuales R&amp;#xED;os se inspira para hacer su creaci&amp;#xF3;n. &amp;#xBF;D&amp;#xF3;nde queda entonces, la obra de R&amp;#xED;os? El arte occidental contempor&amp;#xE1;neo, en el otro extremo, es mayoritariamente secular; incluso se podr&amp;#xED;a decir que cuando presenta una aparente sacralidad es, por lo general, con la intenci&amp;#xF3;n de hacer una cita o cr&amp;#xED;tica cultural, en vez de producir una religaci&amp;#xF3;n del espectador con otra dimensi&amp;#xF3;n de la existencia.<\/p>\n<h2 id=\"toc-0\">SmArt Hotel Bartolini<\/h2>\n<p>Su obra armoniza delicadamente los conceptos de mito y arte, una paridad que sin duda es &amp;#x201C;lugar com&amp;#xFA;n&amp;#x201D; en lo que calificamos como arte pre-contacto con Occidente. &amp;#xBF;Por qu&amp;#xE9; romp&amp;#xED; a mi regla general de apreciar directamente la obra de arte de la que escribo? Sin embargo, la tecnolog&amp;#xED;a nos da opciones que amortiguan la distancia, entre ellas, la oportunidad de conversar extensamente por internet con el artista, cuya explicaci&amp;#xF3;n vitaliza las im&amp;#xE1;genes de su trabajo y enriquece su lectura. &amp;#x201C;Porque siempre trabajamos con obras que tengan una fuerte relaci&amp;#xF3;n con nuestro patrimonio, con nuestra identidad. Rellena el siguiente formulario para encargarle una obra a este artista. &amp;#xBF;Tienes web actualmente?<\/p>\n<p>Puede copiarlos, distribuirlos y comunicarlos p&amp;#xFA;blicamente siempre que cite su autor y a la revista&amp;#xA0;ESC&amp;#xC1;NER CULTURAL, a&amp;#xF1;adiendo url del texto. En cuanto a las im&amp;#xE1;genes publicadas en la revista debe consultar con el autor de cada art&amp;#xED;culo. A ra&amp;#xED;z de esa experiencia comenz&amp;#xF3; su inter&amp;#xE9;s por culturas alternativas a la suya, el que no dej&amp;#xF3; de aumentar, hasta manifestarse est&amp;#xE9;tica y visualmente en sus obras de arte, que son exploraciones en la m&amp;#xED;stica ind&amp;#xED;gena desde y a trav&amp;#xE9;s de la est&amp;#xE9;tica contempor&amp;#xE1;nea. Esta opci&amp;#xF3;n es congruente con su calidad de arte ind&amp;#xED;gena, pero a la vez contempor&amp;#xE1;neo; calidad dual que le otorga al artista la libertad de responder a solo ciertos patrones de etnicidad, y a otros no, seg&amp;#xFA;n se adec&amp;#xFA;en a la creaci&amp;#xF3;n de una determinada obra. Para el presente art&amp;#xED;culo confront&amp;#xE9; im&amp;#xE1;genes y otras fuentes de informaci&amp;#xF3;n, las que por m&amp;#xE1;s fidedignas que sean, nunca podr&amp;#xE1;n reemplazar, a mi juicio, la apreciaci&amp;#xF3;n directa de la obra.<\/p>\n<h3 id=\"toc-1\">Grand Hotel Bellavista Palace &amp; Golf<\/h3>\n<ul>\n<li>Rellena el siguiente formulario para encargarle una obra a este artista.<\/li>\n<li>En cuanto a montecatini.cl las im\u00e1genes publicadas en la revista debe consultar con el autor de cada art\u00edculo.<\/li>\n<li>Y qui\u00e9n mejor que los artistas, quienes hablan en el mismo lenguaje est\u00e9tico, simb\u00f3lico y metaf\u00f3rico de los mitos, para dotarles de morfolog\u00eda a los mitos mismos.<\/li>\n<\/ul>\n<p>Los precios y la disponibilidad que recibe trivago de las p&amp;#xE1;ginas web de reserva cambian de manera constante.<\/p>\n<h3 id=\"toc-2\">montecatini.cl 19<\/h3>\n<p>Es decir, en el arte ind&amp;#xED;gena contempor&amp;#xE1;neo la proporcionalidad de lo sagrado y lo profano var&amp;#xED;a en cada creaci&amp;#xF3;n, pudiendo ser de una sacralidad predominante hasta una inexistente. El arte ind&amp;#xED;gena contempor&amp;#xE1;neo presenta un componente mitol&amp;#xF3;gico en&amp;#xA0; muchas de sus manifestaciones, pero no en todas; no como regla general. No obstante, del arte contempor&amp;#xE1;neo tanto ind&amp;#xED;gena como occidental, no puede decirse lo mismo. El arte ejecutado por las culturas no occidentales, antes de recibir la influencia directa y determinante de esta &amp;#xFA;ltima, es de por s&amp;#xED; sacro y profano a la vez, primando en algunas piezas lo sacro y en algunas lo profano, pero siempre contemplando ambas fuerzas como esencialmente presentes.<\/p>\n<h2 id=\"toc-3\">GALER&amp;#xCD;A DE ARTE MONTECATINI, VENTA ESPECIAL DE VERANO Esc&amp;#xE1;ner Cultural<\/h2>\n<p>Cada artista muestra 8 obras en tela&amp;#xA0; de 110x130cm. Ay&amp;#xFA;danos a entregarte un producto que se adapte a ti &amp;#xBF;Qu&amp;#xE9; esperas lograr con tu p&amp;#xE1;gina web? Los roles que jugaron las mujeres durante el periodo adquieren montecatini.cl un valor trascendental al hablar del Bicentenario&amp;#x201D;. M&amp;#xE1;s bien se le hacen magn&amp;#xE9;ticos porque estos referentes mitol&amp;#xF3;gicos lo conectan, a R&amp;#xED;os mismo y por consiguiente a su arte, con asuntos tanto espirituales como materiales de la sociedad y del tiempo presente, en el cual &amp;#xE9;l vive y en el cual se despliega y manifiesta su obra. Este referente mitol&amp;#xF3;gico es el gatillante de una experiencia de inter-religiosidad en el artista, experiencia desde la cual nace la investigaci&amp;#xF3;n visual que da origen a la obra de R&amp;#xED;os, la que no deja por eso de ser occidental y contempor&amp;#xE1;nea, no obstante, dotada de la solidez cultural y sustancial que solo la relaci&amp;#xF3;n con el mito puede proporcionarle.<\/p>\n<p>En cuanto a montecatini.cl las im&amp;#xE1;genes publicadas en la revista debe consultar con el autor de cada art&amp;#xED;culo. Cada artista muestra 8 <a href=\"montecatini.cl\" class=\"broken_link\">montecatini.cl<\/a> obras en tela&amp;#xA0; de montecatini.cl 110x130cm. Rellena el siguiente formulario montecatini.cl para encargarle una obra a este artista.<\/p>\n<h3 id=\"toc-5\">montecatini.cl 18<\/h3>\n<p>No los utilice para fines comerciales y no haga con ellos obra derivada. Y qui&amp;#xE9;n mejor que los artistas, quienes hablan en el mismo lenguaje est&amp;#xE9;tico, simb&amp;#xF3;lico y metaf&amp;#xF3;rico de los mitos, para dotarles de morfolog&amp;#xED;a a los mitos mismos. La obra de Francisco R&amp;#xED;os contribuye a la revitalizaci&amp;#xF3;n&amp;#xA0;de la est&amp;#xE9;tica y de la cultura, revitalizando mitolog&amp;#xED;as que corren el riesgo de no seguir en la memoria, &amp;#xA0;si no se les dota de formas contempor&amp;#xE1;neas tales como las empleadas por R&amp;#xED;os, las que permiten que&amp;#xA0; la sociedad actual las apropie y les d&amp;#xE9; sentido. M&amp;#xE1;s que darles vida &amp;#xE9;l mismo, Francisco R&amp;#xED;os, curiosamente, prefiere dejar estos personajes (llamados graciosa y cari&amp;#xF1;osamente por &amp;#xE9;l como sus &amp;#x201C;superh&amp;#xE9;roes&amp;#x201D;) en cuerpos de profesionales del arte esc&amp;#xE9;nico, &amp;#x201C;prefiero que quienes tienen mejor dominio del cuerpo vitalicen mis esculturas, pues as&amp;#xED; puedo apreciar mejor el esp&amp;#xED;ritu que logr&amp;#xE9; infiltrar en ellas con mi trabajo sobre el material&amp;#x201D;, admite. Al cobrar vida y movimiento, los personajes creados viajan, impregnan de misticismo las inauguraciones en las que expone Francisco R&amp;#xED;os y bailan por un espacio tanto f&amp;#xED;sico como sagrado.<\/p>\n","protected":false},"excerpt":{"rendered":"<p>Content SmArt Hotel Bartolini montecatini.cl 19 GALER\u00cdA DE ARTE MONTECATINI, VENTA ESPECIAL DE VERANO Esc\u00e1ner Cultural Como mencion&amp;#xE9; anteriormente, estas exploraciones se materializan en piezas de arte de diferentes estilos, siendo mis favoritas las &amp;#x201C;esculturas vivientes&amp;#x201D;. M&amp;#xE1;s bien&amp;#xA0;obedece al orden de la vida misma, es decir, a la secuencia impredecible y perfecta seg&amp;#xFA;n la cual&hellip; <a class=\"more-link\" href=\"https:\/\/www.laresidenceabano.it\/it\/agua-purificada-uva-montecatini-4\/\">Continua a leggere <span class=\"screen-reader-text\">AGUA PURIFICADA UVA MONTECATINI<\/span><\/a><\/p>\n","protected":false},"author":16,"featured_media":0,"comment_status":"","ping_status":"open","sticky":false,"template":"","format":"standard","meta":{"_acf_changed":false,"advgb_blocks_editor_width":"","advgb_blocks_columns_visual_guide":"","footnotes":""},"categories":[238],"tags":[],"class_list":["post-9576","post","type-post","status-publish","format-standard","hentry","category-montecatini-cl","entry"],"acf":[],"yoast_head":"<!-- This site is optimized with the Yoast SEO plugin v25.6 - https:\/\/yoast.com\/wordpress\/plugins\/seo\/ -->\n<title>AGUA PURIFICADA UVA MONTECATINI - Hotel La Residence<\/title>\n<meta name=\"robots\" content=\"noindex, follow\" \/>\n<meta property=\"og:locale\" content=\"it_IT\" \/>\n<meta property=\"og:type\" content=\"article\" \/>\n<meta property=\"og:title\" content=\"AGUA PURIFICADA UVA MONTECATINI - Hotel La Residence\" \/>\n<meta property=\"og:description\" content=\"Content SmArt Hotel Bartolini montecatini.cl 19 GALER\u00cdA DE ARTE MONTECATINI, VENTA ESPECIAL DE VERANO Esc\u00e1ner Cultural Como mencion&#xE9; anteriormente, estas exploraciones se materializan en piezas de arte de diferentes estilos, siendo mis favoritas las &#x201C;esculturas vivientes&#x201D;. M&#xE1;s bien&#xA0;obedece al orden de la vida misma, es decir, a la secuencia impredecible y perfecta seg&#xFA;n la cual&hellip; Continua a leggere AGUA PURIFICADA UVA MONTECATINI\" \/>\n<meta property=\"og:url\" content=\"https:\/\/www.laresidenceabano.it\/it\/agua-purificada-uva-montecatini-4\/\" \/>\n<meta property=\"og:site_name\" content=\"Hotel La Residence\" \/>\n<meta property=\"article:published_time\" content=\"2025-06-06T09:40:12+00:00\" \/>\n<meta name=\"author\" content=\"mboureux.afpadova\" \/>\n<meta name=\"twitter:card\" content=\"summary_large_image\" \/>\n<meta name=\"twitter:label1\" content=\"Scritto da\" \/>\n\t<meta name=\"twitter:data1\" content=\"mboureux.afpadova\" \/>\n\t<meta name=\"twitter:label2\" content=\"Tempo di lettura stimato\" \/>\n\t<meta name=\"twitter:data2\" content=\"7 minuti\" \/>\n<script type=\"application\/ld+json\" class=\"yoast-schema-graph\">{\"@context\":\"https:\/\/schema.org\",\"@graph\":[{\"@type\":\"Article\",\"@id\":\"https:\/\/www.laresidenceabano.it\/it\/agua-purificada-uva-montecatini-4\/#article\",\"isPartOf\":{\"@id\":\"https:\/\/www.laresidenceabano.it\/it\/agua-purificada-uva-montecatini-4\/\"},\"author\":{\"name\":\"mboureux.afpadova\",\"@id\":\"https:\/\/www.laresidenceabano.it\/it\/#\/schema\/person\/ec9e4562fc784cb1f4872ed796724e23\"},\"headline\":\"AGUA PURIFICADA UVA MONTECATINI\",\"datePublished\":\"2025-06-06T09:40:12+00:00\",\"mainEntityOfPage\":{\"@id\":\"https:\/\/www.laresidenceabano.it\/it\/agua-purificada-uva-montecatini-4\/\"},\"wordCount\":1364,\"publisher\":{\"@id\":\"https:\/\/www.laresidenceabano.it\/it\/#organization\"},\"articleSection\":[\"montecatini.cl\"],\"inLanguage\":\"it-IT\"},{\"@type\":\"WebPage\",\"@id\":\"https:\/\/www.laresidenceabano.it\/it\/agua-purificada-uva-montecatini-4\/\",\"url\":\"https:\/\/www.laresidenceabano.it\/it\/agua-purificada-uva-montecatini-4\/\",\"name\":\"AGUA PURIFICADA UVA MONTECATINI - Hotel La Residence\",\"isPartOf\":{\"@id\":\"https:\/\/www.laresidenceabano.it\/it\/#website\"},\"datePublished\":\"2025-06-06T09:40:12+00:00\",\"breadcrumb\":{\"@id\":\"https:\/\/www.laresidenceabano.it\/it\/agua-purificada-uva-montecatini-4\/#breadcrumb\"},\"inLanguage\":\"it-IT\",\"potentialAction\":[{\"@type\":\"ReadAction\",\"target\":[\"https:\/\/www.laresidenceabano.it\/it\/agua-purificada-uva-montecatini-4\/\"]}]},{\"@type\":\"BreadcrumbList\",\"@id\":\"https:\/\/www.laresidenceabano.it\/it\/agua-purificada-uva-montecatini-4\/#breadcrumb\",\"itemListElement\":[{\"@type\":\"ListItem\",\"position\":1,\"name\":\"Home\",\"item\":\"https:\/\/www.laresidenceabano.it\/it\/\"},{\"@type\":\"ListItem\",\"position\":2,\"name\":\"AGUA PURIFICADA UVA MONTECATINI\"}]},{\"@type\":\"WebSite\",\"@id\":\"https:\/\/www.laresidenceabano.it\/it\/#website\",\"url\":\"https:\/\/www.laresidenceabano.it\/it\/\",\"name\":\"Hotel La Residence\",\"description\":\"\",\"publisher\":{\"@id\":\"https:\/\/www.laresidenceabano.it\/it\/#organization\"},\"potentialAction\":[{\"@type\":\"SearchAction\",\"target\":{\"@type\":\"EntryPoint\",\"urlTemplate\":\"https:\/\/www.laresidenceabano.it\/it\/?s={search_term_string}\"},\"query-input\":{\"@type\":\"PropertyValueSpecification\",\"valueRequired\":true,\"valueName\":\"search_term_string\"}}],\"inLanguage\":\"it-IT\"},{\"@type\":\"Organization\",\"@id\":\"https:\/\/www.laresidenceabano.it\/it\/#organization\",\"name\":\"Hotel La Residence\",\"url\":\"https:\/\/www.laresidenceabano.it\/it\/\",\"logo\":{\"@type\":\"ImageObject\",\"inLanguage\":\"it-IT\",\"@id\":\"https:\/\/www.laresidenceabano.it\/it\/#\/schema\/logo\/image\/\",\"url\":\"https:\/\/www.laresidenceabano.it\/wp-content\/uploads\/2023\/07\/Logo-hotel-la-residence.svg\",\"contentUrl\":\"https:\/\/www.laresidenceabano.it\/wp-content\/uploads\/2023\/07\/Logo-hotel-la-residence.svg\",\"caption\":\"Hotel La Residence\"},\"image\":{\"@id\":\"https:\/\/www.laresidenceabano.it\/it\/#\/schema\/logo\/image\/\"}},{\"@type\":\"Person\",\"@id\":\"https:\/\/www.laresidenceabano.it\/it\/#\/schema\/person\/ec9e4562fc784cb1f4872ed796724e23\",\"name\":\"mboureux.afpadova\",\"url\":\"https:\/\/www.laresidenceabano.it\/it\/author\/mboureux-afpadova\/\"}]}<\/script>\n<!-- \/ Yoast SEO plugin. -->","yoast_head_json":{"title":"AGUA PURIFICADA UVA MONTECATINI - Hotel La Residence","robots":{"index":"noindex","follow":"follow"},"og_locale":"it_IT","og_type":"article","og_title":"AGUA PURIFICADA UVA MONTECATINI - Hotel La Residence","og_description":"Content SmArt Hotel Bartolini montecatini.cl 19 GALER\u00cdA DE ARTE MONTECATINI, VENTA ESPECIAL DE VERANO Esc\u00e1ner Cultural Como mencion&amp;#xE9; anteriormente, estas exploraciones se materializan en piezas de arte de diferentes estilos, siendo mis favoritas las &amp;#x201C;esculturas vivientes&amp;#x201D;. M&amp;#xE1;s bien&amp;#xA0;obedece al orden de la vida misma, es decir, a la secuencia impredecible y perfecta seg&amp;#xFA;n la cual&hellip; Continua a leggere AGUA PURIFICADA UVA MONTECATINI","og_url":"https:\/\/www.laresidenceabano.it\/it\/agua-purificada-uva-montecatini-4\/","og_site_name":"Hotel La Residence","article_published_time":"2025-06-06T09:40:12+00:00","author":"mboureux.afpadova","twitter_card":"summary_large_image","twitter_misc":{"Scritto da":"mboureux.afpadova","Tempo di lettura stimato":"7 minuti"},"schema":{"@context":"https:\/\/schema.org","@graph":[{"@type":"Article","@id":"https:\/\/www.laresidenceabano.it\/it\/agua-purificada-uva-montecatini-4\/#article","isPartOf":{"@id":"https:\/\/www.laresidenceabano.it\/it\/agua-purificada-uva-montecatini-4\/"},"author":{"name":"mboureux.afpadova","@id":"https:\/\/www.laresidenceabano.it\/it\/#\/schema\/person\/ec9e4562fc784cb1f4872ed796724e23"},"headline":"AGUA PURIFICADA UVA MONTECATINI","datePublished":"2025-06-06T09:40:12+00:00","mainEntityOfPage":{"@id":"https:\/\/www.laresidenceabano.it\/it\/agua-purificada-uva-montecatini-4\/"},"wordCount":1364,"publisher":{"@id":"https:\/\/www.laresidenceabano.it\/it\/#organization"},"articleSection":["montecatini.cl"],"inLanguage":"it-IT"},{"@type":"WebPage","@id":"https:\/\/www.laresidenceabano.it\/it\/agua-purificada-uva-montecatini-4\/","url":"https:\/\/www.laresidenceabano.it\/it\/agua-purificada-uva-montecatini-4\/","name":"AGUA PURIFICADA UVA MONTECATINI - Hotel La Residence","isPartOf":{"@id":"https:\/\/www.laresidenceabano.it\/it\/#website"},"datePublished":"2025-06-06T09:40:12+00:00","breadcrumb":{"@id":"https:\/\/www.laresidenceabano.it\/it\/agua-purificada-uva-montecatini-4\/#breadcrumb"},"inLanguage":"it-IT","potentialAction":[{"@type":"ReadAction","target":["https:\/\/www.laresidenceabano.it\/it\/agua-purificada-uva-montecatini-4\/"]}]},{"@type":"BreadcrumbList","@id":"https:\/\/www.laresidenceabano.it\/it\/agua-purificada-uva-montecatini-4\/#breadcrumb","itemListElement":[{"@type":"ListItem","position":1,"name":"Home","item":"https:\/\/www.laresidenceabano.it\/it\/"},{"@type":"ListItem","position":2,"name":"AGUA PURIFICADA UVA MONTECATINI"}]},{"@type":"WebSite","@id":"https:\/\/www.laresidenceabano.it\/it\/#website","url":"https:\/\/www.laresidenceabano.it\/it\/","name":"Hotel La Residence","description":"","publisher":{"@id":"https:\/\/www.laresidenceabano.it\/it\/#organization"},"potentialAction":[{"@type":"SearchAction","target":{"@type":"EntryPoint","urlTemplate":"https:\/\/www.laresidenceabano.it\/it\/?s={search_term_string}"},"query-input":{"@type":"PropertyValueSpecification","valueRequired":true,"valueName":"search_term_string"}}],"inLanguage":"it-IT"},{"@type":"Organization","@id":"https:\/\/www.laresidenceabano.it\/it\/#organization","name":"Hotel La Residence","url":"https:\/\/www.laresidenceabano.it\/it\/","logo":{"@type":"ImageObject","inLanguage":"it-IT","@id":"https:\/\/www.laresidenceabano.it\/it\/#\/schema\/logo\/image\/","url":"https:\/\/www.laresidenceabano.it\/wp-content\/uploads\/2023\/07\/Logo-hotel-la-residence.svg","contentUrl":"https:\/\/www.laresidenceabano.it\/wp-content\/uploads\/2023\/07\/Logo-hotel-la-residence.svg","caption":"Hotel La Residence"},"image":{"@id":"https:\/\/www.laresidenceabano.it\/it\/#\/schema\/logo\/image\/"}},{"@type":"Person","@id":"https:\/\/www.laresidenceabano.it\/it\/#\/schema\/person\/ec9e4562fc784cb1f4872ed796724e23","name":"mboureux.afpadova","url":"https:\/\/www.laresidenceabano.it\/it\/author\/mboureux-afpadova\/"}]}},"author_meta":{"display_name":"mboureux.afpadova","author_link":"https:\/\/www.laresidenceabano.it\/it\/author\/mboureux-afpadova\/"},"featured_img":null,"coauthors":[],"tax_additional":{"categories":{"linked":["<a href=\"https:\/\/www.laresidenceabano.it\/it\/category\/montecatini-cl\/\" class=\"advgb-post-tax-term\">montecatini.cl<\/a>"],"unlinked":["<span class=\"advgb-post-tax-term\">montecatini.cl<\/span>"]}},"comment_count":"0","relative_dates":{"created":"Pubblicato 11 mesi fa","modified":"Aggiornato 11 mesi fa"},"absolute_dates":{"created":"Pubblicato il 06\/06\/2025","modified":"Aggiornato il 06\/06\/2025"},"absolute_dates_time":{"created":"Pubblicato il 06\/06\/2025 11:40","modified":"Aggiornato il 06\/06\/2025 11:40"},"featured_img_caption":"","series_order":"","_links":{"self":[{"href":"https:\/\/www.laresidenceabano.it\/it\/wp-json\/wp\/v2\/posts\/9576","targetHints":{"allow":["GET"]}}],"collection":[{"href":"https:\/\/www.laresidenceabano.it\/it\/wp-json\/wp\/v2\/posts"}],"about":[{"href":"https:\/\/www.laresidenceabano.it\/it\/wp-json\/wp\/v2\/types\/post"}],"author":[{"embeddable":true,"href":"https:\/\/www.laresidenceabano.it\/it\/wp-json\/wp\/v2\/users\/16"}],"replies":[{"embeddable":true,"href":"https:\/\/www.laresidenceabano.it\/it\/wp-json\/wp\/v2\/comments?post=9576"}],"version-history":[{"count":0,"href":"https:\/\/www.laresidenceabano.it\/it\/wp-json\/wp\/v2\/posts\/9576\/revisions"}],"wp:attachment":[{"href":"https:\/\/www.laresidenceabano.it\/it\/wp-json\/wp\/v2\/media?parent=9576"}],"wp:term":[{"taxonomy":"category","embeddable":true,"href":"https:\/\/www.laresidenceabano.it\/it\/wp-json\/wp\/v2\/categories?post=9576"},{"taxonomy":"post_tag","embeddable":true,"href":"https:\/\/www.laresidenceabano.it\/it\/wp-json\/wp\/v2\/tags?post=9576"}],"curies":[{"name":"wp","href":"https:\/\/api.w.org\/{rel}","templated":true}]}}